{"id":14350,"date":"2020-08-28T13:55:00","date_gmt":"2020-08-28T11:55:00","guid":{"rendered":"https:\/\/www.plasnor.com\/plasnor-acudira-a-la-feria-caravan-salon-2020-del-4-al-13-de-septiembre-en-dusseldorf\/"},"modified":"2023-12-14T09:50:26","modified_gmt":"2023-12-14T08:50:26","slug":"plasnor-acudira-a-la-feria-caravan-salon-2020-del-4-al-13-de-septiembre-en-dusseldorf","status":"publish","type":"post","link":"https:\/\/www.plasnor.com\/de\/plasnor-acudira-a-la-feria-caravan-salon-2020-del-4-al-13-de-septiembre-en-dusseldorf\/","title":{"rendered":"Plasnor acudir\u00e1 a la feria Caravan Salon 2020 del 4 al 13 de septiembre en D\u00fcsseldorf"},"content":{"rendered":"<p>Plasnor participar\u00e1 en la <strong>feria Caravan Salon de D\u00fcsseldorf<\/strong> (Alemania), la feria comercial m\u00e1s grande del mundo para autocaravanas y caravanas. Contar\u00e1 con 10 pabellones en total, a los que acudir\u00e1n 300 expositores del 4 al 13 de septiembre.<\/p>\n<p>Los organizadores de la feria afirman que \u201cen diez pabellones y en el recinto ferial al aire libre, <strong>se presentar\u00e1n los mejores lanzamientos de la temporada.<\/strong>\u201d A\u00f1aden que \u201cno solo es la feria de p\u00fablico final m\u00e1s grande del mundo en veh\u00edculos y accesorios de ocio, sino tambi\u00e9n <strong>el evento B2B m\u00e1s importante de la industria de caravaning.<\/strong>\u201d<\/p>\n<p>En 2019 la feria obtuvo un total de 270.567 visitantes, y aunque este a\u00f1o se ha tenido que adaptar a la situaci\u00f3n actual, las previsiones son positivas. El CEO de Messe D\u00fcsseldorf asegura que \u201cla seguridad y la salud de nuestros visitantes, expositores y empleados ser\u00e1n nuestra m\u00e1xima prioridad.\u201d<\/p>\n<p><strong>La aportaci\u00f3n de Plasnor: la extrusi\u00f3n de plancha y los materiales<\/strong><br \/>\n<strong>de termoconformado<\/strong><\/p>\n<p>Plasnor ser\u00e1 uno de los expositores de este a\u00f1o. Presentar\u00e1 su servicio de elaboraci\u00f3n de placas de extrusi\u00f3n y todo tipo de <a href=\"http:\/\/www.masinfinito.es\/es\/termoconformado\/\" rel=\"nofollow noopener\" target=\"_blank\"><strong>piezas<\/strong> termoconformadas<\/a> para la <a href=\"http:\/\/www.masinfinito.es\/es\/termoconformado\/sectores-y-aplicaciones\/automocion\/\" rel=\"nofollow noopener\" target=\"_blank\"><strong>industria de la automoci\u00f3n<\/strong><\/a> y el sector caravaning.<\/p>\n<p>En Plasnor creamos <strong>piezas a medida<\/strong>, en diferentes dimensiones, materiales y acabados, adapt\u00e1ndonos a las necesidades del cliente. El <strong><a href=\"http:\/\/www.masinfinito.es\/es\/termoconformado\/materiales\/\" rel=\"nofollow noopener\" target=\"_blank\">termoconformado<\/a><\/strong> es un material muy eficaz para la creaci\u00f3n de <strong>piezas de autobuses y caravanas<\/strong>, ya que es muy ligero y, adem\u00e1s, sostenible en cuanto al medio ambiente. Adem\u00e1s, en Plasnor contamos con el servicio \u00abllave en mano\u00bb: proporcionamos <strong>todas las piezas listas para montar.<\/strong><\/p>\n<p>\u00a1Te esperamos en la feria! Si tienes cualquier duda sobre nuestros servicios no dudes en contactarnos <strong><a href=\"http:\/\/www.masinfinito.es\/es\/contacto\/\" rel=\"nofollow noopener\" target=\"_blank\">aqu\u00ed<\/a><\/strong>.<\/p>\n","protected":false},"excerpt":{"rendered":"<p>Plasnor participar\u00e1 en la feria Caravan Salon de D\u00fcsseldorf (Alemania), la feria comercial m\u00e1s grande del mundo para &#8230; <a title=\"Plasnor acudir\u00e1 a la feria Caravan Salon 2020 del 4 al 13 de septiembre en D\u00fcsseldorf\" class=\"read-more\" href=\"https:\/\/www.plasnor.com\/de\/plasnor-acudira-a-la-feria-caravan-salon-2020-del-4-al-13-de-septiembre-en-dusseldorf\/\" aria-label=\"Mehr Informationen \u00fcber Plasnor acudir\u00e1 a la feria Caravan Salon 2020 del 4 al 13 de septiembre en D\u00fcsseldorf\">[ + info ]<\/a><\/p>\n","protected":false},"author":1,"featured_media":16083,"comment_status":"closed","ping_status":"closed","sticky":false,"template":"","format":"standard","meta":{"footnotes":""},"categories":[40],"tags":[186,187,188,189,190,191,192,193,194,195],"class_list":["post-14350","post","type-post","status-publish","format-standard","has-post-thumbnail","hentry","category-nachrichten","tag-caravan-salon-de","tag-caravanas-de","tag-caravaning-de","tag-dusseldorf-de","tag-extruson-de","tag-feria-de","tag-industria-de-la-automocion-de","tag-piezas-de","tag-plasnor-de","tag-termoconformado-de","generate-columns","tablet-grid-50","mobile-grid-100","grid-parent","grid-25","resize-featured-image"],"_links":{"self":[{"href":"https:\/\/www.plasnor.com\/de\/wp-json\/wp\/v2\/posts\/14350","targetHints":{"allow":["GET"]}}],"collection":[{"href":"https:\/\/www.plasnor.com\/de\/wp-json\/wp\/v2\/posts"}],"about":[{"href":"https:\/\/www.plasnor.com\/de\/wp-json\/wp\/v2\/types\/post"}],"author":[{"embeddable":true,"href":"https:\/\/www.plasnor.com\/de\/wp-json\/wp\/v2\/users\/1"}],"replies":[{"embeddable":true,"href":"https:\/\/www.plasnor.com\/de\/wp-json\/wp\/v2\/comments?post=14350"}],"version-history":[{"count":0,"href":"https:\/\/www.plasnor.com\/de\/wp-json\/wp\/v2\/posts\/14350\/revisions"}],"wp:featuredmedia":[{"embeddable":true,"href":"https:\/\/www.plasnor.com\/de\/wp-json\/wp\/v2\/media\/16083"}],"wp:attachment":[{"href":"https:\/\/www.plasnor.com\/de\/wp-json\/wp\/v2\/media?parent=14350"}],"wp:term":[{"taxonomy":"category","embeddable":true,"href":"https:\/\/www.plasnor.com\/de\/wp-json\/wp\/v2\/categories?post=14350"},{"taxonomy":"post_tag","embeddable":true,"href":"https:\/\/www.plasnor.com\/de\/wp-json\/wp\/v2\/tags?post=14350"}],"curies":[{"name":"wp","href":"https:\/\/api.w.org\/{rel}","templated":true}]}}