{"id":14368,"date":"2019-05-27T13:25:15","date_gmt":"2019-05-27T11:25:15","guid":{"rendered":"https:\/\/www.plasnor.com\/lanzamiento-de-nuevos-productos-en-interzum-2019-gracias-por-habernos-visitado\/"},"modified":"2024-05-14T09:58:02","modified_gmt":"2024-05-14T07:58:02","slug":"neues-produkt-einfuehrung-bei-interzum-2019-danke-fuer-den-besuch-bei-uns","status":"publish","type":"post","link":"https:\/\/www.plasnor.com\/de\/neues-produkt-einfuehrung-bei-interzum-2019-danke-fuer-den-besuch-bei-uns\/","title":{"rendered":"New product launch at Interzum 2019. Thanks for visiting us!"},"content":{"rendered":"<p>Auch in diesem Jahr stellte Plasnor vom 21. bis 24. Mai 2019 auf der INTERZUM in K\u00f6ln (Deutschland) aus. Mit 1.805 Ausstellern aus mehr als 60 L\u00e4ndern und einer Rekordzahl von 74.000 Besuchern, von denen 75 % aus dem Ausland kamen, ist sie die <strong>Messe der M\u00f6belbranche<\/strong> mit der gr\u00f6\u00dften weltweiten Ausstrahlung.<\/p>\n<p>Sie war somit das ideale Schaufenster f\u00fcr die <b>Pr\u00e4sentation der neuen Produktpalette von Plasnor.<\/b><\/p>\n<ul>\n<li>\n<h2>Neues Premium-Acryl<\/h2>\n<\/li>\n<\/ul>\n<h3>Maximale Kratzfestigkeit auf nicht lackierten Oberfl\u00e4chen.<\/h3>\n<p>Mit der Einf\u00fchrung der neuen Produktgeneration Premium Acrylic by Plasnor haben wir eine <strong>maximale Kratzfestigkeit<\/strong> auf unlackierten Acryloberfl\u00e4chen erreicht, die die Kratzfestigkeit der Standardqualit\u00e4t auf dem Markt verdoppelt. Bereits nach dem Abziehen der Schutzfolie und ohne dass eine Oberfl\u00e4chenh\u00e4rtung abgewartet werden muss, erreicht das Material die h\u00f6chste Kratzfestigkeit. Die verschiedenen Tests, die in unabh\u00e4ngigen Labors zur \u00dcberpr\u00fcfung der Kratzfestigkeit durchgef\u00fchrt wurden (1.2N, 6H Pencil Test, 6mg Abrasion Test), best\u00e4tigen, dass das Niveau der Kratzfestigkeit viel h\u00f6her ist als die Marktstandards anderer nicht lackierter Acrylmaterialien.<\/p>\n<p>Die neue Kategorie Premium Acrylic ist f\u00fcr alle Farben in unserem Katalog verf\u00fcgbar (insgesamt mehr als 50), unter denen die <strong>hohe Qualit\u00e4t des Glanzes und des Spiegeleffekts<\/strong> hervorzuheben ist, die mit anderen Technologien nicht zu vergleichen ist.<\/p>\n<p>Als ob das nicht genug w\u00e4re, ist das Material im Gegensatz zu lackierten Oberfl\u00e4chen <strong>nachformbar<\/strong> und die Verbindung der Platte mit der Kante kann so poliert werden, dass die Fugen nicht auffallen. Dies erm\u00f6glicht die Herstellung von integrierten Griffen und gew\u00e4hrleistet eine perfekte Verarbeitung.<\/p>\n<p>&nbsp;<\/p>\n<div id='gallery-1' class='gallery galleryid-14368 gallery-columns-3 gallery-size-full'><figure class='gallery-item'>\n\t\t\t<div class='gallery-icon landscape'>\n\t\t\t\t<a href='https:\/\/www.plasnor.com\/wp-content\/uploads\/2019\/05\/acrylico_solidos-y-metalizados_01.jpg'><img loading=\"lazy\" decoding=\"async\" width=\"1620\" height=\"1080\" src=\"https:\/\/www.plasnor.com\/wp-content\/uploads\/2019\/05\/acrylico_solidos-y-metalizados_01.jpg\" class=\"attachment-full size-full\" alt=\"\" srcset=\"https:\/\/www.plasnor.com\/wp-content\/uploads\/2019\/05\/acrylico_solidos-y-metalizados_01.jpg 1620w, https:\/\/www.plasnor.com\/wp-content\/uploads\/2019\/05\/acrylico_solidos-y-metalizados_01-300x200.jpg 300w, https:\/\/www.plasnor.com\/wp-content\/uploads\/2019\/05\/acrylico_solidos-y-metalizados_01-1024x683.jpg 1024w, https:\/\/www.plasnor.com\/wp-content\/uploads\/2019\/05\/acrylico_solidos-y-metalizados_01-768x512.jpg 768w, https:\/\/www.plasnor.com\/wp-content\/uploads\/2019\/05\/acrylico_solidos-y-metalizados_01-1536x1024.jpg 1536w, https:\/\/www.plasnor.com\/wp-content\/uploads\/2019\/05\/acrylico_solidos-y-metalizados_01-720x480.jpg 720w\" sizes=\"auto, (max-width: 1620px) 100vw, 1620px\" title=\"\"><\/a>\n\t\t\t<\/div><\/figure><figure class='gallery-item'>\n\t\t\t<div class='gallery-icon landscape'>\n\t\t\t\t<a href='https:\/\/www.plasnor.com\/wp-content\/uploads\/2019\/05\/marmol.jpg'><img loading=\"lazy\" decoding=\"async\" width=\"1000\" height=\"666\" src=\"https:\/\/www.plasnor.com\/wp-content\/uploads\/2019\/05\/marmol.jpg\" class=\"attachment-full size-full\" alt=\"\" srcset=\"https:\/\/www.plasnor.com\/wp-content\/uploads\/2019\/05\/marmol.jpg 1000w, https:\/\/www.plasnor.com\/wp-content\/uploads\/2019\/05\/marmol-300x200.jpg 300w, https:\/\/www.plasnor.com\/wp-content\/uploads\/2019\/05\/marmol-768x511.jpg 768w, https:\/\/www.plasnor.com\/wp-content\/uploads\/2019\/05\/marmol-720x480.jpg 720w\" sizes=\"auto, (max-width: 1000px) 100vw, 1000px\" title=\"\"><\/a>\n\t\t\t<\/div><\/figure>\n\t\t<\/div>\n\n<ul>\n<li>\n<h2>Crystal Acrylic<\/h2>\n<\/li>\n<\/ul>\n<h3>Die \u00c4sthetik von Glas mit den Eigenschaften und Vorteilen von Acrylic high gloss<\/h3>\n<p>Zus\u00e4tzlich zu dem bereits beeindruckenden Spiegeleffekt unserer Premium-Acrylplatten erweitert Plasnor sein Sortiment um das Produkt <b>Crystal Acrylic <\/b>. Dieses neue Produkt kehrt die Proportionen von ABS und PMMA um, wodurch unsere Platten eine gr\u00f6\u00dfere Tiefe erhalten und mit einem Glaseffekt versehen werden.<\/p>\n<p>Die Glas\u00e4sthetik liegt im Trend, <strong>sie verleiht<\/strong> der Oberfl\u00e4che von K\u00fcchen-, B\u00fcro- und Schlafzimmerm\u00f6beln <strong>Modernit\u00e4t und Hochwertigkeit<\/strong>.<\/p>\n<p>Dies sind die wichtigsten <strong>Vorteile<\/strong> gegen\u00fcber der Verwendung von herk\u00f6mmlichem Glas:<\/p>\n<ul>\n<li>50% leichter<\/li>\n<li>H\u00f6here Sto\u00dffestigkeit. Weniger Br\u00fcche<\/li>\n<li>Leichte Verarbeitung mit Tischlerwerkzeugen<\/li>\n<li>Weniger Produktionsabf\u00e4lle<\/li>\n<li>Leicht zu reinigen<\/li>\n<\/ul>\n<div id='gallery-2' class='gallery galleryid-14368 gallery-columns-3 gallery-size-full'><figure class='gallery-item'>\n\t\t\t<div class='gallery-icon landscape'>\n\t\t\t\t<a href='https:\/\/www.plasnor.com\/wp-content\/uploads\/2019\/05\/cristal-detalle.jpg'><img loading=\"lazy\" decoding=\"async\" width=\"1000\" height=\"666\" src=\"https:\/\/www.plasnor.com\/wp-content\/uploads\/2019\/05\/cristal-detalle.jpg\" class=\"attachment-full size-full\" alt=\"\" srcset=\"https:\/\/www.plasnor.com\/wp-content\/uploads\/2019\/05\/cristal-detalle.jpg 1000w, https:\/\/www.plasnor.com\/wp-content\/uploads\/2019\/05\/cristal-detalle-300x200.jpg 300w, https:\/\/www.plasnor.com\/wp-content\/uploads\/2019\/05\/cristal-detalle-768x511.jpg 768w, https:\/\/www.plasnor.com\/wp-content\/uploads\/2019\/05\/cristal-detalle-720x480.jpg 720w\" sizes=\"auto, (max-width: 1000px) 100vw, 1000px\" title=\"\"><\/a>\n\t\t\t<\/div><\/figure><figure class='gallery-item'>\n\t\t\t<div class='gallery-icon landscape'>\n\t\t\t\t<a href='https:\/\/www.plasnor.com\/wp-content\/uploads\/2019\/05\/logo-cristal.jpg'><img loading=\"lazy\" decoding=\"async\" width=\"1000\" height=\"667\" src=\"https:\/\/www.plasnor.com\/wp-content\/uploads\/2019\/05\/logo-cristal.jpg\" class=\"attachment-full size-full\" alt=\"\" srcset=\"https:\/\/www.plasnor.com\/wp-content\/uploads\/2019\/05\/logo-cristal.jpg 1000w, https:\/\/www.plasnor.com\/wp-content\/uploads\/2019\/05\/logo-cristal-300x200.jpg 300w, https:\/\/www.plasnor.com\/wp-content\/uploads\/2019\/05\/logo-cristal-768x512.jpg 768w, https:\/\/www.plasnor.com\/wp-content\/uploads\/2019\/05\/logo-cristal-720x480.jpg 720w\" sizes=\"auto, (max-width: 1000px) 100vw, 1000px\" title=\"\"><\/a>\n\t\t\t<\/div><\/figure>\n\t\t<\/div>\n\n<ul>\n<li>\n<h2>Einf\u00fchrung von 10 neuen Farben<\/h2>\n<\/li>\n<\/ul>\n<h3>M\u00f6chten Sie wissen, welche Farben in den n\u00e4chsten Jahren in Mode sein werden?<\/h3>\n<p>Auf der Interzum pr\u00e4sentierte Plasnor die 10 Farben, die in den kommenden Jahren in der M\u00f6belbranche wirklich herausragen werden.<\/p>\n<p>Dem Trend der wichtigsten M\u00e4rkte und der internationalen Hersteller folgend, werden Wei\u00df-, Braun- und Graut\u00f6ne nicht verschwinden, aber die Verwendung einer breiteren Farbpalette hat in den letzten Jahren an Bedeutung gewonnen. Dies hat die M\u00f6glichkeit f\u00fcr neue Farben und deren Kombinationen er\u00f6ffnet, um <strong>moderne und zeitgem\u00e4\u00dfe K\u00fcchen<\/strong> zu schaffen.<\/p>\n<p>Alle diese Farben sind auch erh\u00e4ltlich in Premium Acrylic quality.<\/p>\n<p>Nach dem Monopol der Farbe Wei\u00df in der K\u00fcche erobert sich die Farbe Jahr f\u00fcr Jahr ihren Platz. Blau- und Gr\u00fcnt\u00f6ne wie <strong>Denim<\/strong> und <strong>Fjord<\/strong> bahnen sich einen Weg zwischen den erdigen Farben oder den Derivaten von Grau und Schwarz, die nach wie vor an der Spitze der am h\u00e4ufigsten verwendeten Farben f\u00fcr K\u00fcchenm\u00f6bel stehen. Die Kombination mit nat\u00fcrlichen Elementen wie Holz ist der letzte Schliff f\u00fcr eine ideale K\u00fcche.<\/p>\n<p>Schwarz und seine Schattierungen wie <strong>Indigo<\/strong>, <strong>Graphit<\/strong>, <strong>Staubgrau<\/strong> und <strong>Onixgrau<\/strong> werden stets mit einer kosmopolitischen \u00c4sthetik und modischer Eleganz assoziiert.<\/p>\n<div id='gallery-3' class='gallery galleryid-14368 gallery-columns-3 gallery-size-full'><figure class='gallery-item'>\n\t\t\t<div class='gallery-icon landscape'>\n\t\t\t\t<a href='https:\/\/www.plasnor.com\/wp-content\/uploads\/2019\/05\/coches.jpg'><img loading=\"lazy\" decoding=\"async\" width=\"1900\" height=\"1069\" src=\"https:\/\/www.plasnor.com\/wp-content\/uploads\/2019\/05\/coches.jpg\" class=\"attachment-full size-full\" alt=\"\" srcset=\"https:\/\/www.plasnor.com\/wp-content\/uploads\/2019\/05\/coches.jpg 1900w, https:\/\/www.plasnor.com\/wp-content\/uploads\/2019\/05\/coches-300x169.jpg 300w, https:\/\/www.plasnor.com\/wp-content\/uploads\/2019\/05\/coches-1024x576.jpg 1024w, https:\/\/www.plasnor.com\/wp-content\/uploads\/2019\/05\/coches-768x432.jpg 768w, https:\/\/www.plasnor.com\/wp-content\/uploads\/2019\/05\/coches-1536x864.jpg 1536w\" sizes=\"auto, (max-width: 1900px) 100vw, 1900px\" title=\"\"><\/a>\n\t\t\t<\/div><\/figure><figure class='gallery-item'>\n\t\t\t<div class='gallery-icon landscape'>\n\t\t\t\t<a href='https:\/\/www.plasnor.com\/wp-content\/uploads\/2019\/05\/plancha-de-colores.jpg'><img loading=\"lazy\" decoding=\"async\" width=\"1000\" height=\"666\" src=\"https:\/\/www.plasnor.com\/wp-content\/uploads\/2019\/05\/plancha-de-colores.jpg\" class=\"attachment-full size-full\" alt=\"\" srcset=\"https:\/\/www.plasnor.com\/wp-content\/uploads\/2019\/05\/plancha-de-colores.jpg 1000w, https:\/\/www.plasnor.com\/wp-content\/uploads\/2019\/05\/plancha-de-colores-300x200.jpg 300w, https:\/\/www.plasnor.com\/wp-content\/uploads\/2019\/05\/plancha-de-colores-768x511.jpg 768w, https:\/\/www.plasnor.com\/wp-content\/uploads\/2019\/05\/plancha-de-colores-720x480.jpg 720w\" sizes=\"auto, (max-width: 1000px) 100vw, 1000px\" title=\"\"><\/a>\n\t\t\t<\/div><\/figure>\n\t\t<\/div>\n\n","protected":false},"excerpt":{"rendered":"<p>Auch in diesem Jahr stellte Plasnor vom 21. bis 24. Mai 2019 auf der INTERZUM in K\u00f6ln (Deutschland) &#8230; <a title=\"New product launch at Interzum 2019. Thanks for visiting us!\" class=\"read-more\" href=\"https:\/\/www.plasnor.com\/de\/neues-produkt-einfuehrung-bei-interzum-2019-danke-fuer-den-besuch-bei-uns\/\" aria-label=\"Mehr Informationen \u00fcber New product launch at Interzum 2019. Thanks for visiting us!\">[ + info ]<\/a><\/p>\n","protected":false},"author":1,"featured_media":14738,"comment_status":"closed","ping_status":"closed","sticky":false,"template":"","format":"standard","meta":{"footnotes":""},"categories":[73,40],"tags":[293,294,265,295,296,191,297,298,299,300,301,268,302,269,303],"class_list":["post-14368","post","type-post","status-publish","format-standard","has-post-thumbnail","hentry","category-moebel-norsan-high-gloss","category-nachrichten","tag-alto-brillo-de","tag-brillo-de","tag-colores-de","tag-crystal-arylic-de","tag-espejo-de","tag-feria-de","tag-high-gloss-de","tag-interzum-2019-de","tag-muebles-de-cocina-de","tag-nuevos-colores-de","tag-postformable-de","tag-premium-acrylic-de","tag-rayado-de","tag-sector-del-mueble-de","tag-superficie-no-lacada-de","generate-columns","tablet-grid-50","mobile-grid-100","grid-parent","grid-25","resize-featured-image"],"_links":{"self":[{"href":"https:\/\/www.plasnor.com\/de\/wp-json\/wp\/v2\/posts\/14368","targetHints":{"allow":["GET"]}}],"collection":[{"href":"https:\/\/www.plasnor.com\/de\/wp-json\/wp\/v2\/posts"}],"about":[{"href":"https:\/\/www.plasnor.com\/de\/wp-json\/wp\/v2\/types\/post"}],"author":[{"embeddable":true,"href":"https:\/\/www.plasnor.com\/de\/wp-json\/wp\/v2\/users\/1"}],"replies":[{"embeddable":true,"href":"https:\/\/www.plasnor.com\/de\/wp-json\/wp\/v2\/comments?post=14368"}],"version-history":[{"count":0,"href":"https:\/\/www.plasnor.com\/de\/wp-json\/wp\/v2\/posts\/14368\/revisions"}],"wp:featuredmedia":[{"embeddable":true,"href":"https:\/\/www.plasnor.com\/de\/wp-json\/wp\/v2\/media\/14738"}],"wp:attachment":[{"href":"https:\/\/www.plasnor.com\/de\/wp-json\/wp\/v2\/media?parent=14368"}],"wp:term":[{"taxonomy":"category","embeddable":true,"href":"https:\/\/www.plasnor.com\/de\/wp-json\/wp\/v2\/categories?post=14368"},{"taxonomy":"post_tag","embeddable":true,"href":"https:\/\/www.plasnor.com\/de\/wp-json\/wp\/v2\/tags?post=14368"}],"curies":[{"name":"wp","href":"https:\/\/api.w.org\/{rel}","templated":true}]}}