{"id":18468,"date":"2024-04-02T12:29:12","date_gmt":"2024-04-02T10:29:12","guid":{"rendered":"https:\/\/www.plasnor.com\/?p=18468"},"modified":"2024-04-02T13:08:39","modified_gmt":"2024-04-02T11:08:39","slug":"plasnor-stellt-auf-der-fachmesse-automotive-romania-aus-und-praesentiert-transportation-trays","status":"publish","type":"post","link":"https:\/\/www.plasnor.com\/de\/plasnor-stellt-auf-der-fachmesse-automotive-romania-aus-und-praesentiert-transportation-trays\/","title":{"rendered":"PLASNOR stellt auf der Fachmesse AUTOMOTIVE ROMANIA aus und pr\u00e4sentiert TRANSPORTATION TRAYS"},"content":{"rendered":"<p>Am 28. M\u00e4rz waren wir in Sibiu-Rum\u00e4nien auf der von Intra Fairs organisierten Messe <a href=\"https:\/\/automotiveexpo.intradefairs.com\/\" rel=\"nofollow noopener\" target=\"_blank\">Automotive Expo &amp; B2B Meetings<\/a>.<\/p>\n<p>Die Messe erm\u00f6glichte es uns, unsere thermogeformten Tray-Verpackungsl\u00f6sungen zu zeigen, die wir f\u00fcr den Sektor herstellen und die speziell f\u00fcr die Anforderungen des Automobilsektors entwickelt und produziert werden.<\/p>\n<p>Die Veranstaltung, an der zahlreiche Experten der Automobilindustrie aus ganz Europa und vor allem aus Rum\u00e4nien teilnahmen, bot Plasnor den perfekten Rahmen, um sein Know-how und seine F\u00fchrungsrolle im Bereich der Verpackung von Bauteilen mit Transportschalen zu pr\u00e4sentieren.<\/p>\n<p>W\u00e4hrend der Messe hatte das Vertriebsteam die M\u00f6glichkeit, mit potenziellen Kunden und wichtigen Partnern zu sprechen und die Vielseitigkeit und Anpassungsf\u00e4higkeit unserer Produkte an die spezifischen Bed\u00fcrfnisse der Automobilindustrie zu demonstrieren.<\/p>\n<p style=\"text-align: left;\">\u00a0 \u00a0 \u00a0 \u00a0 \u00a0 \u00a0 \u00a0 \u00a0 \u00a0 \u00a0 \u00a0 \u00a0 \u00a0 \u00a0 \u00a0 \u00a0 \u00a0 \u00a0 \u00a0 \u00a0 \u00a0 \u00a0 \u00a0 \u00a0 \u00a0 \u00a0 \u00a0 \u00a0 \u00a0 \u00a0 \u00a0 \u00a0 \u00a0 \u00a0 \u00a0 \u00a0 \u00a0 \u00a0 \u00a0 \u00a0 \u00a0 \u00a0 \u00a0 \u00a0 \u00a0 Wir danken Ihnen f\u00fcr Ihre Aufmerksamkeit und freuen uns auf die weitere Zusammenarbeit.<\/p>\n","protected":false},"excerpt":{"rendered":"<p>Am 28. M\u00e4rz waren wir in Sibiu-Rum\u00e4nien auf der von Intra Fairs organisierten Messe Automotive Expo &amp; B2B &#8230; <a title=\"PLASNOR stellt auf der Fachmesse AUTOMOTIVE ROMANIA aus und pr\u00e4sentiert TRANSPORTATION TRAYS\" class=\"read-more\" href=\"https:\/\/www.plasnor.com\/de\/plasnor-stellt-auf-der-fachmesse-automotive-romania-aus-und-praesentiert-transportation-trays\/\" aria-label=\"Mehr Informationen \u00fcber PLASNOR stellt auf der Fachmesse AUTOMOTIVE ROMANIA aus und pr\u00e4sentiert TRANSPORTATION TRAYS\">[ + info ]<\/a><\/p>\n","protected":false},"author":4,"featured_media":18440,"comment_status":"closed","ping_status":"open","sticky":false,"template":"","format":"standard","meta":{"footnotes":""},"categories":[40],"tags":[],"class_list":["post-18468","post","type-post","status-publish","format-standard","has-post-thumbnail","hentry","category-nachrichten","generate-columns","tablet-grid-50","mobile-grid-100","grid-parent","grid-25","resize-featured-image"],"_links":{"self":[{"href":"https:\/\/www.plasnor.com\/de\/wp-json\/wp\/v2\/posts\/18468","targetHints":{"allow":["GET"]}}],"collection":[{"href":"https:\/\/www.plasnor.com\/de\/wp-json\/wp\/v2\/posts"}],"about":[{"href":"https:\/\/www.plasnor.com\/de\/wp-json\/wp\/v2\/types\/post"}],"author":[{"embeddable":true,"href":"https:\/\/www.plasnor.com\/de\/wp-json\/wp\/v2\/users\/4"}],"replies":[{"embeddable":true,"href":"https:\/\/www.plasnor.com\/de\/wp-json\/wp\/v2\/comments?post=18468"}],"version-history":[{"count":0,"href":"https:\/\/www.plasnor.com\/de\/wp-json\/wp\/v2\/posts\/18468\/revisions"}],"wp:featuredmedia":[{"embeddable":true,"href":"https:\/\/www.plasnor.com\/de\/wp-json\/wp\/v2\/media\/18440"}],"wp:attachment":[{"href":"https:\/\/www.plasnor.com\/de\/wp-json\/wp\/v2\/media?parent=18468"}],"wp:term":[{"taxonomy":"category","embeddable":true,"href":"https:\/\/www.plasnor.com\/de\/wp-json\/wp\/v2\/categories?post=18468"},{"taxonomy":"post_tag","embeddable":true,"href":"https:\/\/www.plasnor.com\/de\/wp-json\/wp\/v2\/tags?post=18468"}],"curies":[{"name":"wp","href":"https:\/\/api.w.org\/{rel}","templated":true}]}}