{"id":18545,"date":"2024-04-23T16:35:34","date_gmt":"2024-04-23T14:35:34","guid":{"rendered":"https:\/\/www.plasnor.com\/?p=18545"},"modified":"2024-04-24T11:34:34","modified_gmt":"2024-04-24T09:34:34","slug":"plasnor-en-la-feria-mas-importante-del-mueble-salone-mobil-milano","status":"publish","type":"post","link":"https:\/\/www.plasnor.com\/de\/plasnor-en-la-feria-mas-importante-del-mueble-salone-mobil-milano\/","title":{"rendered":"PLASNOR auf der wichtigsten M\u00d6BELMESSE: SALONE MOBILE MILANO"},"content":{"rendered":"<p>Letzte Woche, am 17. und 18. April, haben wir an einer der wichtigsten M\u00f6belmessen der Welt teilgenommen, dem <a href=\"https:\/\/www.salonemilano.it\/en\" rel=\"nofollow noopener\" target=\"_blank\">Salone del Mobile in Mailand<\/a>. Es ist eine einzigartige Gelegenheit, die von den wichtigsten Anbietern auf dem M\u00f6belmarkt angebotenen Trends zu sehen, zu analysieren und dar\u00fcber nachzudenken sowie mit Fachleuten des Sektors in Kontakt zu treten.<\/p>\n<p>Die Messe Salone del Mobile ist als eine der weltweit wichtigsten Veranstaltungen im Bereich des M\u00f6beldesigns f\u00fcr verschiedene Wohnbereiche und der Inneneinrichtung bekannt und bringt Fachleute, Designer und Designliebhaber aus der ganzen Welt zusammen. Bei fr\u00fcheren Veranstaltungen kamen mehr als 250.000 Menschen zusammen.<\/p>\n<p>Wir bei PLASNOR sind bestrebt, die neuesten Trends im Bereich der K\u00fcchenm\u00f6bel zu verfolgen und allen M\u00f6belherstellern die besten verf\u00fcgbaren L\u00f6sungen in Bezug auf <a href=\"https:\/\/www.plasnor.com\/de\/moebel-norsan-high-gloss\/designs\/\">Design<\/a> und <a href=\"https:\/\/www.plasnor.com\/de\/extrusion\/finishs\/\">Ausf\u00fchrung<\/a> zu bieten.<\/p>\n<p>Wenn Sie mehr \u00fcber die von uns angebotenen L\u00f6sungen erfahren m\u00f6chten, z\u00f6gern Sie nicht, uns zu <a href=\"https:\/\/www.plasnor.com\/de\/kontakt\/\">kontaktieren<\/a>, wir helfen Ihnen gerne weiter.<\/p>\n","protected":false},"excerpt":{"rendered":"<p>Letzte Woche, am 17. und 18. April, haben wir an einer der wichtigsten M\u00f6belmessen der Welt teilgenommen, dem &#8230; <a title=\"PLASNOR auf der wichtigsten M\u00d6BELMESSE: SALONE MOBILE MILANO\" class=\"read-more\" href=\"https:\/\/www.plasnor.com\/de\/plasnor-en-la-feria-mas-importante-del-mueble-salone-mobil-milano\/\" aria-label=\"Mehr Informationen \u00fcber PLASNOR auf der wichtigsten M\u00d6BELMESSE: SALONE MOBILE MILANO\">[ + info ]<\/a><\/p>\n","protected":false},"author":4,"featured_media":18554,"comment_status":"closed","ping_status":"open","sticky":false,"template":"","format":"standard","meta":{"footnotes":""},"categories":[40],"tags":[],"class_list":["post-18545","post","type-post","status-publish","format-standard","has-post-thumbnail","hentry","category-nachrichten","generate-columns","tablet-grid-50","mobile-grid-100","grid-parent","grid-25","resize-featured-image"],"_links":{"self":[{"href":"https:\/\/www.plasnor.com\/de\/wp-json\/wp\/v2\/posts\/18545","targetHints":{"allow":["GET"]}}],"collection":[{"href":"https:\/\/www.plasnor.com\/de\/wp-json\/wp\/v2\/posts"}],"about":[{"href":"https:\/\/www.plasnor.com\/de\/wp-json\/wp\/v2\/types\/post"}],"author":[{"embeddable":true,"href":"https:\/\/www.plasnor.com\/de\/wp-json\/wp\/v2\/users\/4"}],"replies":[{"embeddable":true,"href":"https:\/\/www.plasnor.com\/de\/wp-json\/wp\/v2\/comments?post=18545"}],"version-history":[{"count":0,"href":"https:\/\/www.plasnor.com\/de\/wp-json\/wp\/v2\/posts\/18545\/revisions"}],"wp:featuredmedia":[{"embeddable":true,"href":"https:\/\/www.plasnor.com\/de\/wp-json\/wp\/v2\/media\/18554"}],"wp:attachment":[{"href":"https:\/\/www.plasnor.com\/de\/wp-json\/wp\/v2\/media?parent=18545"}],"wp:term":[{"taxonomy":"category","embeddable":true,"href":"https:\/\/www.plasnor.com\/de\/wp-json\/wp\/v2\/categories?post=18545"},{"taxonomy":"post_tag","embeddable":true,"href":"https:\/\/www.plasnor.com\/de\/wp-json\/wp\/v2\/tags?post=18545"}],"curies":[{"name":"wp","href":"https:\/\/api.w.org\/{rel}","templated":true}]}}