{"id":11534,"date":"2019-05-27T13:25:15","date_gmt":"2019-05-27T10:25:15","guid":{"rendered":"http:\/\/www.masinfinito.es\/?p=11534"},"modified":"2024-05-14T09:58:57","modified_gmt":"2024-05-14T07:58:57","slug":"lanzamiento-de-nuevos-productos-en-interzum-2019-gracias-por-habernos-visitado","status":"publish","type":"post","link":"https:\/\/www.plasnor.com\/es\/lanzamiento-de-nuevos-productos-en-interzum-2019-gracias-por-habernos-visitado\/","title":{"rendered":"Lanzamiento de nuevos productos en Interzum 2019 \u00a1Gracias por habernos visitado!"},"content":{"rendered":"<p>Un a\u00f1o m\u00e1s Plasnor ha expuesto en la Feria <a href=\"https:\/\/www.interzum.com\/\" target=\"_blank\" rel=\"noopener noreferrer nofollow\">INTERZUM<\/a> Colonia (Alemania) entre los d\u00edas 21 y 24 de mayo de 2019. Con 1.805 expositores de m\u00e1s de 60 pa\u00edses y una cifra r\u00e9cord de 74.000 visitantes, un 75% de los cuales asistieron de pa\u00edses extranjeros, se trata de la <strong>feria del sector del mueble<\/strong> con mayor proyecci\u00f3n a nivel mundial.<\/p>\n<p>As\u00ed pues, este fue el escaparate ideal para la <b>presentaci\u00f3n de la nueva gama de productos <\/b>desarrollada por Plasnor.<\/p>\n<ul>\n<li>\n<h2><a href=\"https:\/\/www.plasnor.com\/es\/mueble-norsan-high-gloss\/que-nos-diferencia\/\">Nuevo Premium Acrylic<\/a><\/h2>\n<\/li>\n<\/ul>\n<h3>M\u00e1xima resistencia al rayado en superficies no lacadas.<\/h3>\n<p>Con el lanzamiento de la nueva generaci\u00f3n de producto <b>Premium Acrylic<\/b> de Plasnor, alcanzamos la <a href=\"https:\/\/www.plasnor.com\/es\/mueble-norsan-high-gloss\/que-nos-diferencia\/#maxima-resistencia-al-rayado\"><strong>m\u00e1xima resistencia al rayado<\/strong><\/a> de las superficies acr\u00edlicas no lacadas, duplicando la resistencia al rayado de la calidad est\u00e1ndar del mercado. Una vez retirado el film de protecci\u00f3n, y sin necesidad de esperar a que se de un proceso de curado de la superficie, el material alcanza los m\u00e1s altos niveles de resistencia al rayado. Los diferentes tests realizados en laboratorios independientes para comprobar la resistencia al rayado (1,2N, 6H Pencil Test, 6mg Abrasion Test) confirman que el nivel de resistencia al rayado es muy superior a de los standards del mercado de otros acr\u00edlicos no lacados.<\/p>\n<p>La nueva categor\u00eda <b>Premium Acrylic<\/b> est\u00e1 disponible para todos nuestros colores en cat\u00e1logo (en total m\u00e1s de 50) en los que cabe destacar la <a href=\"https:\/\/www.plasnor.com\/es\/mueble-norsan-high-gloss\/que-nos-diferencia\/#brillo-y-efecto\"><strong>alta calidad del brillo y efecto espejo<\/strong><\/a>, no comparable al de otras tecnolog\u00edas.<\/p>\n<p>Por si fuera poco, a diferencia de los acabados lacados, el material es <strong>postformable<\/strong> y la uni\u00f3n de la l\u00e1mina con el canto se puede pulir de forma que las uniones no sean perceptibles. Esto posibilita la fabricaci\u00f3n de asideros integrados y que el acabado sea perfecto.<\/p>\n<div id='gallery-1' class='gallery galleryid-11534 gallery-columns-3 gallery-size-full'><figure class='gallery-item'>\n\t\t\t<div class='gallery-icon landscape'>\n\t\t\t\t<a href=\"https:\/\/www.plasnor.com\/wp-content\/uploads\/2019\/05\/acrylico_solidos-y-metalizados_01.jpg\"><img loading=\"lazy\" decoding=\"async\" width=\"1620\" height=\"1080\" src=\"https:\/\/www.plasnor.com\/wp-content\/uploads\/2019\/05\/acrylico_solidos-y-metalizados_01.jpg\" class=\"attachment-full size-full\" alt=\"\" srcset=\"https:\/\/www.plasnor.com\/wp-content\/uploads\/2019\/05\/acrylico_solidos-y-metalizados_01.jpg 1620w, https:\/\/www.plasnor.com\/wp-content\/uploads\/2019\/05\/acrylico_solidos-y-metalizados_01-300x200.jpg 300w, https:\/\/www.plasnor.com\/wp-content\/uploads\/2019\/05\/acrylico_solidos-y-metalizados_01-1024x683.jpg 1024w, https:\/\/www.plasnor.com\/wp-content\/uploads\/2019\/05\/acrylico_solidos-y-metalizados_01-768x512.jpg 768w, https:\/\/www.plasnor.com\/wp-content\/uploads\/2019\/05\/acrylico_solidos-y-metalizados_01-1536x1024.jpg 1536w, https:\/\/www.plasnor.com\/wp-content\/uploads\/2019\/05\/acrylico_solidos-y-metalizados_01-720x480.jpg 720w\" sizes=\"auto, (max-width: 1620px) 100vw, 1620px\" title=\"\"><\/a>\n\t\t\t<\/div><\/figure><figure class='gallery-item'>\n\t\t\t<div class='gallery-icon landscape'>\n\t\t\t\t<a href=\"https:\/\/www.plasnor.com\/wp-content\/uploads\/2019\/05\/marmol.jpg\"><img loading=\"lazy\" decoding=\"async\" width=\"1000\" height=\"666\" src=\"https:\/\/www.plasnor.com\/wp-content\/uploads\/2019\/05\/marmol.jpg\" class=\"attachment-full size-full\" alt=\"\" srcset=\"https:\/\/www.plasnor.com\/wp-content\/uploads\/2019\/05\/marmol.jpg 1000w, https:\/\/www.plasnor.com\/wp-content\/uploads\/2019\/05\/marmol-300x200.jpg 300w, https:\/\/www.plasnor.com\/wp-content\/uploads\/2019\/05\/marmol-768x511.jpg 768w, https:\/\/www.plasnor.com\/wp-content\/uploads\/2019\/05\/marmol-720x480.jpg 720w\" sizes=\"auto, (max-width: 1000px) 100vw, 1000px\" title=\"\"><\/a>\n\t\t\t<\/div><\/figure>\n\t\t<\/div>\n\n<p>&nbsp;<\/p>\n<ul>\n<li>\n<h2>Crystal Acrylic<\/h2>\n<\/li>\n<\/ul>\n<h3>La est\u00e9tica del cristal con las propiedades o ventajas del Acr\u00edlico de alto brillo<\/h3>\n<p>Al ya de por s\u00ed impresionante efecto espejo de nuestras planchas Premium Acrylic, Plasnor suma a su gama su producto <b>Crystal Arylic.<\/b> Este nuevo producto invierte las proporciones de ABS y PMMA, consiguiendo as\u00ed una mayor profundidad en nuestras planchas y proporcionando un efecto cristal a las mismas.<\/p>\n<p>La est\u00e9tica del cristal est\u00e1 de moda, <strong>aporta modernidad y una est\u00e9tica de alta gama<\/strong> (high end) al acabado superficial de muebles de cocina, oficina, dormitorio, etc.<\/p>\n<p>Estas son las principales <strong>ventajas<\/strong> respecto a la utilizaci\u00f3n del cristal convencional:<\/p>\n<ul>\n<li>50% m\u00e1s Ligero<\/li>\n<li>Mejor resistencia al impacto. Menos roturas<\/li>\n<li>F\u00e1cil procesado con herramientas de carpinter\u00eda<\/li>\n<li>Menor desperdicio en la fabricaci\u00f3n<\/li>\n<li>F\u00e1cil limpieza<\/li>\n<\/ul>\n<p>&nbsp;<\/p>\n<div id='gallery-2' class='gallery galleryid-11534 gallery-columns-3 gallery-size-full'><figure class='gallery-item'>\n\t\t\t<div class='gallery-icon landscape'>\n\t\t\t\t<a href=\"https:\/\/www.plasnor.com\/wp-content\/uploads\/2019\/05\/cristal-detalle.jpg\"><img loading=\"lazy\" decoding=\"async\" width=\"1000\" height=\"666\" src=\"https:\/\/www.plasnor.com\/wp-content\/uploads\/2019\/05\/cristal-detalle.jpg\" class=\"attachment-full size-full\" alt=\"\" srcset=\"https:\/\/www.plasnor.com\/wp-content\/uploads\/2019\/05\/cristal-detalle.jpg 1000w, https:\/\/www.plasnor.com\/wp-content\/uploads\/2019\/05\/cristal-detalle-300x200.jpg 300w, https:\/\/www.plasnor.com\/wp-content\/uploads\/2019\/05\/cristal-detalle-768x511.jpg 768w, https:\/\/www.plasnor.com\/wp-content\/uploads\/2019\/05\/cristal-detalle-720x480.jpg 720w\" sizes=\"auto, (max-width: 1000px) 100vw, 1000px\" title=\"\"><\/a>\n\t\t\t<\/div><\/figure><figure class='gallery-item'>\n\t\t\t<div class='gallery-icon landscape'>\n\t\t\t\t<a href=\"https:\/\/www.plasnor.com\/wp-content\/uploads\/2019\/05\/logo-cristal.jpg\"><img loading=\"lazy\" decoding=\"async\" width=\"1000\" height=\"667\" src=\"https:\/\/www.plasnor.com\/wp-content\/uploads\/2019\/05\/logo-cristal.jpg\" class=\"attachment-full size-full\" alt=\"\" srcset=\"https:\/\/www.plasnor.com\/wp-content\/uploads\/2019\/05\/logo-cristal.jpg 1000w, https:\/\/www.plasnor.com\/wp-content\/uploads\/2019\/05\/logo-cristal-300x200.jpg 300w, https:\/\/www.plasnor.com\/wp-content\/uploads\/2019\/05\/logo-cristal-768x512.jpg 768w, https:\/\/www.plasnor.com\/wp-content\/uploads\/2019\/05\/logo-cristal-720x480.jpg 720w\" sizes=\"auto, (max-width: 1000px) 100vw, 1000px\" title=\"\"><\/a>\n\t\t\t<\/div><\/figure>\n\t\t<\/div>\n\n<p>&nbsp;<\/p>\n<ul>\n<li>\n<h2>Lanzamiento de 10 nuevos colores<\/h2>\n<\/li>\n<\/ul>\n<h3>\u00bfQuieres saber qu\u00e9 colores ser\u00e1n tendencia en los pr\u00f3ximos a\u00f1os?<\/h3>\n<p>Plasnor present\u00f3 en Interzum los 10 colores que marcar\u00e1n la diferencia en los pr\u00f3ximos a\u00f1os en la industria del mueble.<\/p>\n<p>Siguiendo la tendencia de los principales mercados y fabricantes internacionales, los colores blancos, marrones o grises no desaparecen, pero el uso de una gama de colores m\u00e1s amplia ha ganado terreno en los \u00faltimos a\u00f1os. Esto ha dado espacio a nuevos colores y la combinaci\u00f3n de los mismos para lograr <strong>cocinas modernas y actualizadas.<\/strong><\/p>\n<p>Todos estos colores est\u00e1n adem\u00e1s disponibles en la calidad Premium Acrylic.<\/p>\n<p>Tras el monopolio del blanco en la cocina, el color encuentra su hueco a\u00f1o tras a\u00f1o. Los colores azulados o verdosos como el <strong>Denim<\/strong> o el <strong>Fjord<\/strong> se van abriendo camino entre los colores tierra, o los derivados del gris o del negro, que siguen manteniendo su liderato entre los colores m\u00e1s utilizados en muebles de cocina. Combinarlos con elementos naturales como la madera, ser\u00e1 la guinda para una cocina ideal.<\/p>\n<p>El color negro y sus tonalidades, como el <strong>\u00cdndigo<\/strong>, <strong>Graphite<\/strong>, el <strong>Dust grey<\/strong>, o el <strong>Onix grey<\/strong> siempre se asocian a la est\u00e9tica cosmopolita y a la elegancia a prueba de modas.<\/p>\n<div id='gallery-3' class='gallery galleryid-11534 gallery-columns-3 gallery-size-full'><figure class='gallery-item'>\n\t\t\t<div class='gallery-icon landscape'>\n\t\t\t\t<a href=\"https:\/\/www.plasnor.com\/wp-content\/uploads\/2019\/05\/coches.jpg\"><img loading=\"lazy\" decoding=\"async\" width=\"1900\" height=\"1069\" src=\"https:\/\/www.plasnor.com\/wp-content\/uploads\/2019\/05\/coches.jpg\" class=\"attachment-full size-full\" alt=\"\" srcset=\"https:\/\/www.plasnor.com\/wp-content\/uploads\/2019\/05\/coches.jpg 1900w, https:\/\/www.plasnor.com\/wp-content\/uploads\/2019\/05\/coches-300x169.jpg 300w, https:\/\/www.plasnor.com\/wp-content\/uploads\/2019\/05\/coches-1024x576.jpg 1024w, https:\/\/www.plasnor.com\/wp-content\/uploads\/2019\/05\/coches-768x432.jpg 768w, https:\/\/www.plasnor.com\/wp-content\/uploads\/2019\/05\/coches-1536x864.jpg 1536w\" sizes=\"auto, (max-width: 1900px) 100vw, 1900px\" title=\"\"><\/a>\n\t\t\t<\/div><\/figure><figure class='gallery-item'>\n\t\t\t<div class='gallery-icon landscape'>\n\t\t\t\t<a href=\"https:\/\/www.plasnor.com\/wp-content\/uploads\/2019\/05\/plancha-de-colores.jpg\"><img loading=\"lazy\" decoding=\"async\" width=\"1000\" height=\"666\" src=\"https:\/\/www.plasnor.com\/wp-content\/uploads\/2019\/05\/plancha-de-colores.jpg\" class=\"attachment-full size-full\" alt=\"\" srcset=\"https:\/\/www.plasnor.com\/wp-content\/uploads\/2019\/05\/plancha-de-colores.jpg 1000w, https:\/\/www.plasnor.com\/wp-content\/uploads\/2019\/05\/plancha-de-colores-300x200.jpg 300w, https:\/\/www.plasnor.com\/wp-content\/uploads\/2019\/05\/plancha-de-colores-768x511.jpg 768w, https:\/\/www.plasnor.com\/wp-content\/uploads\/2019\/05\/plancha-de-colores-720x480.jpg 720w\" sizes=\"auto, (max-width: 1000px) 100vw, 1000px\" title=\"\"><\/a>\n\t\t\t<\/div><\/figure>\n\t\t<\/div>\n\n","protected":false},"excerpt":{"rendered":"<p>Un a\u00f1o m\u00e1s Plasnor ha expuesto en la Feria INTERZUM Colonia (Alemania) entre los d\u00edas 21 y 24 &#8230; <a title=\"Lanzamiento de nuevos productos en Interzum 2019 \u00a1Gracias por habernos visitado!\" class=\"read-more\" href=\"https:\/\/www.plasnor.com\/es\/lanzamiento-de-nuevos-productos-en-interzum-2019-gracias-por-habernos-visitado\/\" aria-label=\"Leer m\u00e1s sobre Lanzamiento de nuevos productos en Interzum 2019 \u00a1Gracias por habernos visitado!\">[ + info ]<\/a><\/p>\n","protected":false},"author":1,"featured_media":14735,"comment_status":"closed","ping_status":"closed","sticky":false,"template":"","format":"standard","meta":{"footnotes":""},"categories":[48,11],"tags":[126,127,128,129,130,101,131,132,100,133,134,135,136,137,138,139],"class_list":["post-11534","post","type-post","status-publish","format-standard","has-post-thumbnail","hentry","category-norsan-high-gloss","category-noticias","tag-alto-brillo","tag-brillo","tag-colores","tag-crystal-arylic","tag-espejo","tag-feria","tag-high-gloss","tag-interzum-2019","tag-mueble","tag-muebles-de-cocina","tag-nuevos-colores","tag-postformable","tag-premium-acrylic","tag-rayado","tag-sector-del-mueble","tag-superficie-no-lacada","generate-columns","tablet-grid-50","mobile-grid-100","grid-parent","grid-25","resize-featured-image"],"_links":{"self":[{"href":"https:\/\/www.plasnor.com\/es\/wp-json\/wp\/v2\/posts\/11534","targetHints":{"allow":["GET"]}}],"collection":[{"href":"https:\/\/www.plasnor.com\/es\/wp-json\/wp\/v2\/posts"}],"about":[{"href":"https:\/\/www.plasnor.com\/es\/wp-json\/wp\/v2\/types\/post"}],"author":[{"embeddable":true,"href":"https:\/\/www.plasnor.com\/es\/wp-json\/wp\/v2\/users\/1"}],"replies":[{"embeddable":true,"href":"https:\/\/www.plasnor.com\/es\/wp-json\/wp\/v2\/comments?post=11534"}],"version-history":[{"count":0,"href":"https:\/\/www.plasnor.com\/es\/wp-json\/wp\/v2\/posts\/11534\/revisions"}],"wp:featuredmedia":[{"embeddable":true,"href":"https:\/\/www.plasnor.com\/es\/wp-json\/wp\/v2\/media\/14735"}],"wp:attachment":[{"href":"https:\/\/www.plasnor.com\/es\/wp-json\/wp\/v2\/media?parent=11534"}],"wp:term":[{"taxonomy":"category","embeddable":true,"href":"https:\/\/www.plasnor.com\/es\/wp-json\/wp\/v2\/categories?post=11534"},{"taxonomy":"post_tag","embeddable":true,"href":"https:\/\/www.plasnor.com\/es\/wp-json\/wp\/v2\/tags?post=11534"}],"curies":[{"name":"wp","href":"https:\/\/api.w.org\/{rel}","templated":true}]}}