{"id":12934,"date":"2019-11-05T20:12:57","date_gmt":"2019-11-05T17:12:57","guid":{"rendered":"http:\/\/www.masinfinito.es\/?p=12934"},"modified":"2024-05-14T10:05:19","modified_gmt":"2024-05-14T08:05:19","slug":"plasnor-expone-en-la-k2019-feria-lider-para-la-industria-del-plastico","status":"publish","type":"post","link":"https:\/\/www.plasnor.com\/es\/plasnor-expone-en-la-k2019-feria-lider-para-la-industria-del-plastico\/","title":{"rendered":"Plasnor expone en la K2019, feria l\u00edder para la industria del pl\u00e1stico"},"content":{"rendered":"<p>Plasnor ha participado en la K2019 en D\u00fcsseldorf (Alemania), feria l\u00edder para la industria del pl\u00e1stico. Los m\u00e1s de 3.300 expositores participantes en la feria han constatado que el <b>pl\u00e1stico <\/b>sigue siendo un material <b>innovador, indispensable y orientado al futuro<\/b>. As\u00ed lo demuestra, tambi\u00e9n, la gran afluencia de visitantes que han asistido este a\u00f1o a\u00a0 la K2019: 225.000 visitantes de 165 pa\u00edses, procedentes de sectores tan relevantes como el embalaje, la construcci\u00f3n, la automoci\u00f3n, las tecnolog\u00edas el\u00e9ctricas, la medicina, o la agricultura, por ejemplo.<\/p>\n<p>Los organizadores de la <a href=\"https:\/\/www.k-tradefair.es\/\" target=\"_blank\" rel=\"noopener noreferrer nofollow\">feria<\/a> resaltan las buenas perspectivas de futuro que actualmente tiene la industria del pl\u00e1stico en diversos sectores industriales. Adem\u00e1s, han subrayado la gran implicaci\u00f3n que desde las empresas del sector se muestra de cara a la <b>sostenibilidad<\/b>, a la <b>econom\u00eda circular<\/b> (uno de los temas m\u00e1s relevantes para el sector) y a las soluciones que respetan el <b>medio ambiente<\/b>.<\/p>\n<p>As\u00ed mismo, desde K2019 se\u00f1alan que la feria ha sido un \u201cfuerte impulso para el sector\u201d, gracias al \u201cgran inter\u00e9s en invertir\u201d que los profesionales asistentes han mostrado durante la feria.<\/p>\n<h2>Plasnor en primer plano<\/h2>\n<p>Todos aquellos que acudieron a la cita de Alemania pudieron ver y conocer de cerca y en primer plano el trabajo que realizan en Plasnor. Y es que, Plasnor ha mostrado en la feria\u00a0 sus productos de <b>extrusi\u00f3n<\/b>, <b>planchas y laminados<\/b> de PS, ABS, ABS\/PMMA, Blends de ABS-PC y PS-PE, dando especial relevancia a los dise\u00f1os decorativos en PMMA.<\/p>\n<p>Las l\u00e1minas y placas con acabados marmol, cromo, aluminio, o carbono\u00a0 tuvieron una gran aceptaci\u00f3n. As\u00ed mismo, mostr\u00f3 sus productos para los sectores de <b>termoconformado<\/b>, sanitario, PLV, <b>carrozado<\/b>, <b>caravaning<\/b>, construcci\u00f3n e industria.<\/p>\n<p>Desde <a href=\"http:\/\/www.masinfinito.es\/es\/\" target=\"_blank\" rel=\"noopener noreferrer nofollow\">Plasnor<\/a> queremos <b>agradecer <\/b>a todos aquellos que se acercaron a nuestro stand en la K2019 a conocer de primera mano nuestros fabricados y el inter\u00e9s mostrado en nuestros productos de extrusi\u00f3n. Esperamos que los contactos realizados sirvan para crear nuevas l\u00edneas de trabajo com\u00fan a largo plazo.<\/p>\n<div id='gallery-1' class='gallery galleryid-12934 gallery-columns-3 gallery-size-full'><figure class='gallery-item'>\n\t\t\t<div class='gallery-icon landscape'>\n\t\t\t\t<a href=\"https:\/\/www.plasnor.com\/wp-content\/uploads\/2019\/11\/K2019_1.jpg\"><img loading=\"lazy\" decoding=\"async\" width=\"1200\" height=\"782\" src=\"https:\/\/www.plasnor.com\/wp-content\/uploads\/2019\/11\/K2019_1.jpg\" class=\"attachment-full size-full\" alt=\"\" srcset=\"https:\/\/www.plasnor.com\/wp-content\/uploads\/2019\/11\/K2019_1.jpg 1200w, https:\/\/www.plasnor.com\/wp-content\/uploads\/2019\/11\/K2019_1-300x196.jpg 300w, https:\/\/www.plasnor.com\/wp-content\/uploads\/2019\/11\/K2019_1-1024x667.jpg 1024w, https:\/\/www.plasnor.com\/wp-content\/uploads\/2019\/11\/K2019_1-768x500.jpg 768w\" sizes=\"auto, (max-width: 1200px) 100vw, 1200px\" title=\"\"><\/a>\n\t\t\t<\/div><\/figure><figure class='gallery-item'>\n\t\t\t<div class='gallery-icon landscape'>\n\t\t\t\t<a href=\"https:\/\/www.plasnor.com\/wp-content\/uploads\/2019\/11\/K2019_2.jpg\"><img loading=\"lazy\" decoding=\"async\" width=\"1200\" height=\"800\" src=\"https:\/\/www.plasnor.com\/wp-content\/uploads\/2019\/11\/K2019_2.jpg\" class=\"attachment-full size-full\" alt=\"\" srcset=\"https:\/\/www.plasnor.com\/wp-content\/uploads\/2019\/11\/K2019_2.jpg 1200w, https:\/\/www.plasnor.com\/wp-content\/uploads\/2019\/11\/K2019_2-300x200.jpg 300w, https:\/\/www.plasnor.com\/wp-content\/uploads\/2019\/11\/K2019_2-1024x683.jpg 1024w, https:\/\/www.plasnor.com\/wp-content\/uploads\/2019\/11\/K2019_2-768x512.jpg 768w, https:\/\/www.plasnor.com\/wp-content\/uploads\/2019\/11\/K2019_2-720x480.jpg 720w\" sizes=\"auto, (max-width: 1200px) 100vw, 1200px\" title=\"\"><\/a>\n\t\t\t<\/div><\/figure><figure class='gallery-item'>\n\t\t\t<div class='gallery-icon landscape'>\n\t\t\t\t<a href=\"https:\/\/www.plasnor.com\/wp-content\/uploads\/2019\/11\/K2019_3.jpg\"><img loading=\"lazy\" decoding=\"async\" width=\"1200\" height=\"800\" src=\"https:\/\/www.plasnor.com\/wp-content\/uploads\/2019\/11\/K2019_3.jpg\" class=\"attachment-full size-full\" alt=\"\" srcset=\"https:\/\/www.plasnor.com\/wp-content\/uploads\/2019\/11\/K2019_3.jpg 1200w, https:\/\/www.plasnor.com\/wp-content\/uploads\/2019\/11\/K2019_3-300x200.jpg 300w, https:\/\/www.plasnor.com\/wp-content\/uploads\/2019\/11\/K2019_3-1024x683.jpg 1024w, https:\/\/www.plasnor.com\/wp-content\/uploads\/2019\/11\/K2019_3-768x512.jpg 768w, https:\/\/www.plasnor.com\/wp-content\/uploads\/2019\/11\/K2019_3-720x480.jpg 720w\" sizes=\"auto, (max-width: 1200px) 100vw, 1200px\" title=\"\"><\/a>\n\t\t\t<\/div><\/figure>\n\t\t<\/div>\n\n","protected":false},"excerpt":{"rendered":"<p>Plasnor ha participado en la K2019 en D\u00fcsseldorf (Alemania), feria l\u00edder para la industria del pl\u00e1stico. Los m\u00e1s &#8230; <a title=\"Plasnor expone en la K2019, feria l\u00edder para la industria del pl\u00e1stico\" class=\"read-more\" href=\"https:\/\/www.plasnor.com\/es\/plasnor-expone-en-la-k2019-feria-lider-para-la-industria-del-plastico\/\" aria-label=\"Leer m\u00e1s sobre Plasnor expone en la K2019, feria l\u00edder para la industria del pl\u00e1stico\">[ + info ]<\/a><\/p>\n","protected":false},"author":1,"featured_media":14779,"comment_status":"closed","ping_status":"closed","sticky":false,"template":"","format":"standard","meta":{"footnotes":""},"categories":[46,47,11,49],"tags":[142,80,143,144,145,92,93,146,95],"class_list":["post-12934","post","type-post","status-publish","format-standard","has-post-thumbnail","hentry","category-extrusion","category-ferias","category-noticias","category-termoconformado","tag-economia-circular","tag-extrusion","tag-industria-del-plastico","tag-k2019","tag-medio-ambiente","tag-plasnor","tag-plastico","tag-sostenibilidad","tag-termoconformado","generate-columns","tablet-grid-50","mobile-grid-100","grid-parent","grid-25","resize-featured-image"],"_links":{"self":[{"href":"https:\/\/www.plasnor.com\/es\/wp-json\/wp\/v2\/posts\/12934","targetHints":{"allow":["GET"]}}],"collection":[{"href":"https:\/\/www.plasnor.com\/es\/wp-json\/wp\/v2\/posts"}],"about":[{"href":"https:\/\/www.plasnor.com\/es\/wp-json\/wp\/v2\/types\/post"}],"author":[{"embeddable":true,"href":"https:\/\/www.plasnor.com\/es\/wp-json\/wp\/v2\/users\/1"}],"replies":[{"embeddable":true,"href":"https:\/\/www.plasnor.com\/es\/wp-json\/wp\/v2\/comments?post=12934"}],"version-history":[{"count":0,"href":"https:\/\/www.plasnor.com\/es\/wp-json\/wp\/v2\/posts\/12934\/revisions"}],"wp:featuredmedia":[{"embeddable":true,"href":"https:\/\/www.plasnor.com\/es\/wp-json\/wp\/v2\/media\/14779"}],"wp:attachment":[{"href":"https:\/\/www.plasnor.com\/es\/wp-json\/wp\/v2\/media?parent=12934"}],"wp:term":[{"taxonomy":"category","embeddable":true,"href":"https:\/\/www.plasnor.com\/es\/wp-json\/wp\/v2\/categories?post=12934"},{"taxonomy":"post_tag","embeddable":true,"href":"https:\/\/www.plasnor.com\/es\/wp-json\/wp\/v2\/tags?post=12934"}],"curies":[{"name":"wp","href":"https:\/\/api.w.org\/{rel}","templated":true}]}}