{"id":14672,"date":"2018-05-07T18:32:48","date_gmt":"2018-05-07T16:32:48","guid":{"rendered":"https:\/\/www.plasnor.com\/?p=14672"},"modified":"2024-05-14T10:22:28","modified_gmt":"2024-05-14T08:22:28","slug":"visita-del-gobierno-vasco-en-la-feria-messe-de-hannover","status":"publish","type":"post","link":"https:\/\/www.plasnor.com\/es\/visita-del-gobierno-vasco-en-la-feria-messe-de-hannover\/","title":{"rendered":"Visita del Gobierno Vasco en la feria Messe de Hannover"},"content":{"rendered":"<p>Plasnor recibi\u00f3 la visita de miembros del Parlamento Vasco y del Departamento de Desarrollo Econ\u00f3mico del Gobierno Vasco en la feria Hannover Messe. Desde Plasnor queremos agradecer la visita recibida por varios parlamentarios y miembros del <a href=\"http:\/\/www.euskadi.eus\/gobierno-vasco\/departamento-desarrollo-economico-competitividad\/inicio\/\" target=\"_blank\" rel=\"noopener nofollow\">Departamento de Desarrollo Econ\u00f3mico<\/a> del <strong>Gobierno Vasco<\/strong> a nuestro stand en la feria de Hannover.<\/p>\n<p>Parlamentarios del Gobierno Vasco han puesto en valor el alto nivel de los servicios y los proyectos presentados por las empresas vascas en Hannover Messe. Arantxa Tapia, Consejera del Departamento de Desarrollo Econ\u00f3mico e Infraestructuras, ha subrayado la labor que la <strong>industria vasca<\/strong> realiza para promocionar la imagen del pa\u00eds, y sobre todo, el esfuerzo que se hace en generar sinergias.<\/p>\n<p>Plasnor ha presentado en la feria Messe sus soluciones en extrusi\u00f3n de placas y proyectos para <strong>termoconformado<\/strong>. La feria se celebr\u00f3 en Hannover a finales de abril, y una vez m\u00e1s, fueron muchos los que mostraron su inter\u00e9s en los servicios que <strong>Plasnor<\/strong> ofrece en el sector de la <a href=\"\/es\/extrusion\/\" target=\"_blank\" rel=\"noopener\">co-extrusi\u00f3n<\/a> y el <a href=\"\/es\/termoconformado\/\" target=\"_blank\" rel=\"noopener\">termoconformado<\/a>. Desde estas l\u00edneas queremos agradecer a todos los que nos visitaron la atenci\u00f3n mostrada, esperamos sirvan para que en un futuro pr\u00f3ximo podamos colaborar en nuevos proyectos.<\/p>\n<p>Responsables de la empresa en la feria ofrecieron soluciones en extrusi\u00f3n de <strong>placas<\/strong> y piezas de termoconformado, ejemplo de ello, las <strong>l\u00e1minas<\/strong> y placas termopl\u00e1sticas para sectores como la <strong>industria<\/strong>, <strong>sanitario<\/strong>, <strong>mueble<\/strong>\u2026 o la fabricaci\u00f3n y desarrollo de proyectos y piezas de termoconformado para sectores tales como el <strong>carrozado<\/strong> de <a href=\"\/es\/termoconformado\/sectores-y-aplicaciones\/automocion\/\" target=\"_blank\" rel=\"noopener\">veh\u00edculos<\/a>, <a href=\"\/es\/bandeja-de-transporte\/\" target=\"_blank\" rel=\"noopener\">bandejas de transporte<\/a> o log\u00edstica de producci\u00f3n, <a href=\"http:\/\/www.masinfinito.es\/es\/termoconformado\/sectores-y-aplicaciones\/energias-renovables\/\" target=\"_blank\" rel=\"noopener nofollow\">energ\u00edas renovables<\/a>, industria\u2026<\/p>\n<div id='gallery-1' class='gallery galleryid-14672 gallery-columns-3 gallery-size-full'><figure class='gallery-item'>\n\t\t\t<div class='gallery-icon landscape'>\n\t\t\t\t<a href=\"https:\/\/www.plasnor.com\/wp-content\/uploads\/2023\/04\/MESSE_1_WEB.jpg\"><img loading=\"lazy\" decoding=\"async\" width=\"1000\" height=\"947\" src=\"https:\/\/www.plasnor.com\/wp-content\/uploads\/2023\/04\/MESSE_1_WEB.jpg\" class=\"attachment-full size-full\" alt=\"\" srcset=\"https:\/\/www.plasnor.com\/wp-content\/uploads\/2023\/04\/MESSE_1_WEB.jpg 1000w, https:\/\/www.plasnor.com\/wp-content\/uploads\/2023\/04\/MESSE_1_WEB-300x284.jpg 300w, https:\/\/www.plasnor.com\/wp-content\/uploads\/2023\/04\/MESSE_1_WEB-768x727.jpg 768w\" sizes=\"auto, (max-width: 1000px) 100vw, 1000px\" title=\"\"><\/a>\n\t\t\t<\/div><\/figure><figure class='gallery-item'>\n\t\t\t<div class='gallery-icon landscape'>\n\t\t\t\t<a href=\"https:\/\/www.plasnor.com\/wp-content\/uploads\/2023\/04\/MESSE_2_WEB.jpg\"><img loading=\"lazy\" decoding=\"async\" width=\"1000\" height=\"615\" src=\"https:\/\/www.plasnor.com\/wp-content\/uploads\/2023\/04\/MESSE_2_WEB.jpg\" class=\"attachment-full size-full\" alt=\"\" srcset=\"https:\/\/www.plasnor.com\/wp-content\/uploads\/2023\/04\/MESSE_2_WEB.jpg 1000w, https:\/\/www.plasnor.com\/wp-content\/uploads\/2023\/04\/MESSE_2_WEB-300x185.jpg 300w, https:\/\/www.plasnor.com\/wp-content\/uploads\/2023\/04\/MESSE_2_WEB-768x472.jpg 768w\" sizes=\"auto, (max-width: 1000px) 100vw, 1000px\" title=\"\"><\/a>\n\t\t\t<\/div><\/figure>\n\t\t<\/div>\n\n","protected":false},"excerpt":{"rendered":"<p>Plasnor recibi\u00f3 la visita de miembros del Parlamento Vasco y del Departamento de Desarrollo Econ\u00f3mico del Gobierno Vasco &#8230; <a title=\"Visita del Gobierno Vasco en la feria Messe de Hannover\" class=\"read-more\" href=\"https:\/\/www.plasnor.com\/es\/visita-del-gobierno-vasco-en-la-feria-messe-de-hannover\/\" aria-label=\"Leer m\u00e1s sobre Visita del Gobierno Vasco en la feria Messe de Hannover\">[ + info ]<\/a><\/p>\n","protected":false},"author":1,"featured_media":14671,"comment_status":"closed","ping_status":"open","sticky":false,"template":"","format":"standard","meta":{"footnotes":""},"categories":[11,45],"tags":[],"class_list":["post-14672","post","type-post","status-publish","format-standard","has-post-thumbnail","hentry","category-noticias","category-corporativa","generate-columns","tablet-grid-50","mobile-grid-100","grid-parent","grid-25","resize-featured-image"],"_links":{"self":[{"href":"https:\/\/www.plasnor.com\/es\/wp-json\/wp\/v2\/posts\/14672","targetHints":{"allow":["GET"]}}],"collection":[{"href":"https:\/\/www.plasnor.com\/es\/wp-json\/wp\/v2\/posts"}],"about":[{"href":"https:\/\/www.plasnor.com\/es\/wp-json\/wp\/v2\/types\/post"}],"author":[{"embeddable":true,"href":"https:\/\/www.plasnor.com\/es\/wp-json\/wp\/v2\/users\/1"}],"replies":[{"embeddable":true,"href":"https:\/\/www.plasnor.com\/es\/wp-json\/wp\/v2\/comments?post=14672"}],"version-history":[{"count":0,"href":"https:\/\/www.plasnor.com\/es\/wp-json\/wp\/v2\/posts\/14672\/revisions"}],"wp:featuredmedia":[{"embeddable":true,"href":"https:\/\/www.plasnor.com\/es\/wp-json\/wp\/v2\/media\/14671"}],"wp:attachment":[{"href":"https:\/\/www.plasnor.com\/es\/wp-json\/wp\/v2\/media?parent=14672"}],"wp:term":[{"taxonomy":"category","embeddable":true,"href":"https:\/\/www.plasnor.com\/es\/wp-json\/wp\/v2\/categories?post=14672"},{"taxonomy":"post_tag","embeddable":true,"href":"https:\/\/www.plasnor.com\/es\/wp-json\/wp\/v2\/tags?post=14672"}],"curies":[{"name":"wp","href":"https:\/\/api.w.org\/{rel}","templated":true}]}}