{"id":18435,"date":"2024-04-02T12:29:12","date_gmt":"2024-04-02T10:29:12","guid":{"rendered":"https:\/\/www.plasnor.com\/?p=18435"},"modified":"2024-04-02T12:52:24","modified_gmt":"2024-04-02T10:52:24","slug":"plasnor-exponiendo-en-la-feria-automotive-rumania-presentando-bandejas-de-transporte","status":"publish","type":"post","link":"https:\/\/www.plasnor.com\/es\/plasnor-exponiendo-en-la-feria-automotive-rumania-presentando-bandejas-de-transporte\/","title":{"rendered":"PLASNOR exponiendo en la feria AUTOMOTIVE RUMANIA presentando BANDEJAS DE TRANSPORTE"},"content":{"rendered":"<p style=\"text-align: left;\">El pasado d\u00eda 28 de Marzo estuvimos en Sibiu-Ruman\u00eda debido a la celebraci\u00f3n de la feria <a href=\"https:\/\/automotiveexpo.intradefairs.com\/\" rel=\"nofollow noopener\" target=\"_blank\">Automotive Expo &amp; B2B Meetings<\/a> organizada por Intra Fairs.<\/p>\n<p style=\"text-align: left;\">La feria nos permiti\u00f3 ense\u00f1ar nuestras soluciones de packaging mediante bandeja termoconformada que producimos para el sector, dise\u00f1adas y producidas espec\u00edficamente para satisfacer las exigencias del sector del autom\u00f3vil.<\/p>\n<p style=\"text-align: left;\">El evento, atrajo a multitud de expertos de la industria automotriz de toda Europa y, principalmente rumana, proporcionando el escenario perfecto para que Plasnor destacara su experiencia y liderazgo en el campo del embalaje de componentes con las bandejas de transporte.<\/p>\n<p style=\"text-align: left;\">Durante la feria, el equipo comercial tuvo la oportunidad de interactuar con clientes potenciales y colaboradores clave, demostrando la versatilidad y la adaptabilidad de nuestros productos a las necesidades espec\u00edficas de la industria automotriz.<\/p>\n<p style=\"text-align: left;\">\u00a0 \u00a0 \u00a0 \u00a0 \u00a0 \u00a0 \u00a0 \u00a0 \u00a0 \u00a0 \u00a0 \u00a0 \u00a0 \u00a0 \u00a0 \u00a0 \u00a0 \u00a0 \u00a0 \u00a0 \u00a0 \u00a0 \u00a0 \u00a0 \u00a0 \u00a0 \u00a0 \u00a0 \u00a0 \u00a0 \u00a0 \u00a0 \u00a0 \u00a0 \u00a0 \u00a0 \u00a0 \u00a0 \u00a0 \u00a0 \u00a0 \u00a0 \u00a0 \u00a0 \u00a0 \u00a0Gracias por su atenci\u00f3n y esperamos seguir colaborando en el futuro.<\/p>\n","protected":false},"excerpt":{"rendered":"<p>El pasado d\u00eda 28 de Marzo estuvimos en Sibiu-Ruman\u00eda debido a la celebraci\u00f3n de la feria Automotive Expo &#8230; <a title=\"PLASNOR exponiendo en la feria AUTOMOTIVE RUMANIA presentando BANDEJAS DE TRANSPORTE\" class=\"read-more\" href=\"https:\/\/www.plasnor.com\/es\/plasnor-exponiendo-en-la-feria-automotive-rumania-presentando-bandejas-de-transporte\/\" aria-label=\"Leer m\u00e1s sobre PLASNOR exponiendo en la feria AUTOMOTIVE RUMANIA presentando BANDEJAS DE TRANSPORTE\">[ + info ]<\/a><\/p>\n","protected":false},"author":4,"featured_media":18437,"comment_status":"closed","ping_status":"open","sticky":false,"template":"","format":"standard","meta":{"footnotes":""},"categories":[11],"tags":[],"class_list":["post-18435","post","type-post","status-publish","format-standard","has-post-thumbnail","hentry","category-noticias","generate-columns","tablet-grid-50","mobile-grid-100","grid-parent","grid-25","resize-featured-image"],"_links":{"self":[{"href":"https:\/\/www.plasnor.com\/es\/wp-json\/wp\/v2\/posts\/18435","targetHints":{"allow":["GET"]}}],"collection":[{"href":"https:\/\/www.plasnor.com\/es\/wp-json\/wp\/v2\/posts"}],"about":[{"href":"https:\/\/www.plasnor.com\/es\/wp-json\/wp\/v2\/types\/post"}],"author":[{"embeddable":true,"href":"https:\/\/www.plasnor.com\/es\/wp-json\/wp\/v2\/users\/4"}],"replies":[{"embeddable":true,"href":"https:\/\/www.plasnor.com\/es\/wp-json\/wp\/v2\/comments?post=18435"}],"version-history":[{"count":0,"href":"https:\/\/www.plasnor.com\/es\/wp-json\/wp\/v2\/posts\/18435\/revisions"}],"wp:featuredmedia":[{"embeddable":true,"href":"https:\/\/www.plasnor.com\/es\/wp-json\/wp\/v2\/media\/18437"}],"wp:attachment":[{"href":"https:\/\/www.plasnor.com\/es\/wp-json\/wp\/v2\/media?parent=18435"}],"wp:term":[{"taxonomy":"category","embeddable":true,"href":"https:\/\/www.plasnor.com\/es\/wp-json\/wp\/v2\/categories?post=18435"},{"taxonomy":"post_tag","embeddable":true,"href":"https:\/\/www.plasnor.com\/es\/wp-json\/wp\/v2\/tags?post=18435"}],"curies":[{"name":"wp","href":"https:\/\/api.w.org\/{rel}","templated":true}]}}