{"id":4255,"date":"2017-06-17T12:07:56","date_gmt":"2017-06-17T10:07:56","guid":{"rendered":"http:\/\/www.masinfinito.es\/?p=4255\/"},"modified":"2024-05-14T10:15:52","modified_gmt":"2024-05-14T08:15:52","slug":"plasnor-participa-la-feria-subcontratacion-2017","status":"publish","type":"post","link":"https:\/\/www.plasnor.com\/es\/plasnor-participa-la-feria-subcontratacion-2017\/","title":{"rendered":"Plasnor participa en la Feria de Subcontrataci\u00f3n 2017"},"content":{"rendered":"<p>Plasnor ha participado en la Feria de Subcontrataci\u00f3n 2017 que se ha celebrado en Bilbao del 6 al 8 de junio. La feria es referente en el sector de la <strong>subcontrataci\u00f3n industrial<\/strong> en la Pen\u00ednsula Ib\u00e9rica, y una de las m\u00e1s importantes a nivel europeo.<\/p>\n<p>La nota de color de la <a href=\"http:\/\/subcontratacion.bilbaoexhibitioncentre.com\/\" target=\"_blank\" rel=\"noopener nofollow\">feria<\/a> la ha puesto <strong>Plasnor<\/strong>, con un stand colorido compuesto de <strong>planchas y laminas<\/strong> de colores fabricadas en las instalaciones que la empresa tiene en Legazpi (Guip\u00fazcoa). Las <strong>piezas termoconformadas<\/strong> de colores vivos utilizados han sido la expresi\u00f3n m\u00e1s real de lo que es Plasnor: empresa puntera \u00a0referente en el sector de la extrusi\u00f3n y el termoconformado.<\/p>\n<p>Los materiales expuestos han mostrado de la manera m\u00e1s gr\u00e1fica posible cuales son las capacidades de fabricaci\u00f3n de la empresa: m\u00e1s de 40 a\u00f1os de experiencia en la <strong>fabricaci\u00f3n de pl\u00e1sticos<\/strong>, y un 70% de exportaci\u00f3n a los cinco continentes, donde cuenta con empresas l\u00edderes en los sectores m\u00e1s punteros.<\/p>\n<p>La fabricaci\u00f3n de <a href=\"\/es\/extrusion\/fabricacion-de-masterbach\/\" target=\"_blank\" rel=\"noopener\">Masterbatch<\/a> o concentrados de color para pl\u00e1sticos, la laminaci\u00f3n por <a href=\"\/es\/extrusion\/\" target=\"_blank\" rel=\"noopener\">co-extrusi\u00f3n<\/a> de l\u00e1minas y placas termopl\u00e1sticas, y el dise\u00f1o y fabricaci\u00f3n de moldes y piezas por <a href=\"\/es\/termoconformado\/\" target=\"_blank\" rel=\"noopener\">termoconformado <\/a>han estado presentes en el stand de Plasnor. Con ellas, se ha pretendido hacer especial \u00e9nfasis en sus propuestas para los sectores de <a href=\"\/es\/bandeja-de-transporte\/\" target=\"_blank\" rel=\"noopener\">Bandejas de Transporte<\/a>, Carrozado de Veh\u00edculos, Energ\u00edas Renovables y proyectos a medida.<\/p>\n<p>La acogida por parte de los visitantes ha sido muy buena, y el inter\u00e9s que han mostrado es el fiel reflejo de los buenos resultados obtenidos por Plasnor en la feria Subcontrataci\u00f3n 2017.<\/p>\n<div id='gallery-1' class='gallery galleryid-4255 gallery-columns-3 gallery-size-full'><figure class='gallery-item'>\n\t\t\t<div class='gallery-icon landscape'>\n\t\t\t\t<a href=\"https:\/\/www.plasnor.com\/wp-content\/uploads\/2017\/06\/subcontrata-2017_1-scaled.jpg\"><img loading=\"lazy\" decoding=\"async\" width=\"2560\" height=\"1741\" src=\"https:\/\/www.plasnor.com\/wp-content\/uploads\/2017\/06\/subcontrata-2017_1-scaled.jpg\" class=\"attachment-full size-full\" alt=\"Plasnor en la feria de subcontrataci\u00f3n 2017\" srcset=\"https:\/\/www.plasnor.com\/wp-content\/uploads\/2017\/06\/subcontrata-2017_1-scaled.jpg 2560w, https:\/\/www.plasnor.com\/wp-content\/uploads\/2017\/06\/subcontrata-2017_1-300x204.jpg 300w, https:\/\/www.plasnor.com\/wp-content\/uploads\/2017\/06\/subcontrata-2017_1-1024x697.jpg 1024w, https:\/\/www.plasnor.com\/wp-content\/uploads\/2017\/06\/subcontrata-2017_1-768x522.jpg 768w, https:\/\/www.plasnor.com\/wp-content\/uploads\/2017\/06\/subcontrata-2017_1-1536x1045.jpg 1536w, https:\/\/www.plasnor.com\/wp-content\/uploads\/2017\/06\/subcontrata-2017_1-2048x1393.jpg 2048w\" sizes=\"auto, (max-width: 2560px) 100vw, 2560px\" title=\"\"><\/a>\n\t\t\t<\/div><\/figure><figure class='gallery-item'>\n\t\t\t<div class='gallery-icon landscape'>\n\t\t\t\t<a href=\"https:\/\/www.plasnor.com\/wp-content\/uploads\/2017\/06\/subcontrata-2017_2.jpg\"><img loading=\"lazy\" decoding=\"async\" width=\"1936\" height=\"1408\" src=\"https:\/\/www.plasnor.com\/wp-content\/uploads\/2017\/06\/subcontrata-2017_2.jpg\" class=\"attachment-full size-full\" alt=\"\" srcset=\"https:\/\/www.plasnor.com\/wp-content\/uploads\/2017\/06\/subcontrata-2017_2.jpg 1936w, https:\/\/www.plasnor.com\/wp-content\/uploads\/2017\/06\/subcontrata-2017_2-300x218.jpg 300w, https:\/\/www.plasnor.com\/wp-content\/uploads\/2017\/06\/subcontrata-2017_2-1024x745.jpg 1024w, https:\/\/www.plasnor.com\/wp-content\/uploads\/2017\/06\/subcontrata-2017_2-768x559.jpg 768w, https:\/\/www.plasnor.com\/wp-content\/uploads\/2017\/06\/subcontrata-2017_2-1536x1117.jpg 1536w\" sizes=\"auto, (max-width: 1936px) 100vw, 1936px\" title=\"\"><\/a>\n\t\t\t<\/div><\/figure><figure class='gallery-item'>\n\t\t\t<div class='gallery-icon landscape'>\n\t\t\t\t<a href=\"https:\/\/www.plasnor.com\/wp-content\/uploads\/2017\/06\/subcontrata-2017_3.jpg\"><img loading=\"lazy\" decoding=\"async\" width=\"1200\" height=\"664\" src=\"https:\/\/www.plasnor.com\/wp-content\/uploads\/2017\/06\/subcontrata-2017_3.jpg\" class=\"attachment-full size-full\" alt=\"\" srcset=\"https:\/\/www.plasnor.com\/wp-content\/uploads\/2017\/06\/subcontrata-2017_3.jpg 1200w, https:\/\/www.plasnor.com\/wp-content\/uploads\/2017\/06\/subcontrata-2017_3-300x166.jpg 300w, https:\/\/www.plasnor.com\/wp-content\/uploads\/2017\/06\/subcontrata-2017_3-1024x567.jpg 1024w, https:\/\/www.plasnor.com\/wp-content\/uploads\/2017\/06\/subcontrata-2017_3-768x425.jpg 768w\" sizes=\"auto, (max-width: 1200px) 100vw, 1200px\" title=\"\"><\/a>\n\t\t\t<\/div><\/figure>\n\t\t<\/div>\n\n","protected":false},"excerpt":{"rendered":"<p>Plasnor ha participado en la Feria de Subcontrataci\u00f3n 2017 que se ha celebrado en Bilbao del 6 al &#8230; <a title=\"Plasnor participa en la Feria de Subcontrataci\u00f3n 2017\" class=\"read-more\" href=\"https:\/\/www.plasnor.com\/es\/plasnor-participa-la-feria-subcontratacion-2017\/\" aria-label=\"Leer m\u00e1s sobre Plasnor participa en la Feria de Subcontrataci\u00f3n 2017\">[ + info ]<\/a><\/p>\n","protected":false},"author":1,"featured_media":14584,"comment_status":"closed","ping_status":"open","sticky":false,"template":"","format":"standard","meta":{"footnotes":""},"categories":[11],"tags":[81,82,83,84,85,86,87,88,89,90,91,92,93,94,95],"class_list":["post-4255","post","type-post","status-publish","format-standard","has-post-thumbnail","hentry","category-noticias","tag-bandeja-de-transporte","tag-bilbao","tag-co-extrusion","tag-color","tag-feria-subcontratacion-2017","tag-industria","tag-laminas","tag-masterbatch","tag-placas","tag-plancha","tag-planchas","tag-plasnor","tag-plastico","tag-stand","tag-termoconformado","generate-columns","tablet-grid-50","mobile-grid-100","grid-parent","grid-25","resize-featured-image"],"_links":{"self":[{"href":"https:\/\/www.plasnor.com\/es\/wp-json\/wp\/v2\/posts\/4255","targetHints":{"allow":["GET"]}}],"collection":[{"href":"https:\/\/www.plasnor.com\/es\/wp-json\/wp\/v2\/posts"}],"about":[{"href":"https:\/\/www.plasnor.com\/es\/wp-json\/wp\/v2\/types\/post"}],"author":[{"embeddable":true,"href":"https:\/\/www.plasnor.com\/es\/wp-json\/wp\/v2\/users\/1"}],"replies":[{"embeddable":true,"href":"https:\/\/www.plasnor.com\/es\/wp-json\/wp\/v2\/comments?post=4255"}],"version-history":[{"count":0,"href":"https:\/\/www.plasnor.com\/es\/wp-json\/wp\/v2\/posts\/4255\/revisions"}],"wp:featuredmedia":[{"embeddable":true,"href":"https:\/\/www.plasnor.com\/es\/wp-json\/wp\/v2\/media\/14584"}],"wp:attachment":[{"href":"https:\/\/www.plasnor.com\/es\/wp-json\/wp\/v2\/media?parent=4255"}],"wp:term":[{"taxonomy":"category","embeddable":true,"href":"https:\/\/www.plasnor.com\/es\/wp-json\/wp\/v2\/categories?post=4255"},{"taxonomy":"post_tag","embeddable":true,"href":"https:\/\/www.plasnor.com\/es\/wp-json\/wp\/v2\/tags?post=4255"}],"curies":[{"name":"wp","href":"https:\/\/api.w.org\/{rel}","templated":true}]}}