{"id":14367,"date":"2019-05-27T13:25:15","date_gmt":"2019-05-27T11:25:15","guid":{"rendered":"https:\/\/www.plasnor.com\/lanzamiento-de-nuevos-productos-en-interzum-2019-gracias-por-habernos-visitado\/"},"modified":"2024-05-14T10:00:49","modified_gmt":"2024-05-14T08:00:49","slug":"lancement-dun-nouveau-produit-a-loccasion-de-lanniversaire-de-lentreprise-2019-merci-de-nous-rendre-visite","status":"publish","type":"post","link":"https:\/\/www.plasnor.com\/fr\/lancement-dun-nouveau-produit-a-loccasion-de-lanniversaire-de-lentreprise-2019-merci-de-nous-rendre-visite\/","title":{"rendered":"New product launch at Interzum 2019. Thanks for visiting us!"},"content":{"rendered":"<p>Cette ann\u00e9e encore, Plasnor a expos\u00e9 au salon INTERZUM \u00e0 Cologne (Allemagne) du 21 au 24 mai 2019. Avec 1 805 exposants de plus de 60 pays et un chiffre record de 74 000 visiteurs, dont 75 % en provenance de pays \u00e9trangers, il s&rsquo;agit du <strong>Salon du secteur de l&rsquo;ameublement<\/strong> ayant le plus grand impact mondial.<\/p>\n<p>Il s&rsquo;agissait donc d&rsquo;une vitrine id\u00e9ale pour la <b>pr\u00e9sentation de la nouvelle gamme de produits d\u00e9velopp\u00e9e par <\/b><a href=\"http:\/\/www.masinfinito.es\/en\/\" rel=\"nofollow noopener\" target=\"_blank\"><b>Plasnor<\/b><\/a><b>.<\/b><\/p>\n<ul>\n<li>\n<h2>Nouveau Premium Acrylic<\/h2>\n<\/li>\n<\/ul>\n<h3>R\u00e9sistance maximale aux rayures sur les surfaces non laqu\u00e9es.<\/h3>\n<p>Avec le lancement de la nouvelle g\u00e9n\u00e9ration de produits Premium Acrylic de Plasnor, nous avons atteint une <strong>r\u00e9sistance maximale aux rayures<\/strong> sur les surfaces acryliques non laqu\u00e9es, ce qui double la r\u00e9sistance aux rayures de la qualit\u00e9 standard sur le march\u00e9. Juste apr\u00e8s avoir retir\u00e9 le film protecteur et sans avoir besoin d&rsquo;attendre un processus de durcissement de la surface, le mat\u00e9riau atteint les niveaux les plus \u00e9lev\u00e9s de r\u00e9sistance aux rayures. Les diff\u00e9rents tests effectu\u00e9s dans des laboratoires ind\u00e9pendants pour v\u00e9rifier la r\u00e9sistance aux rayures (1.2N, 6H Pencil Test, 6mg Abrasion Test) confirment que le niveau de r\u00e9sistance aux rayures est bien sup\u00e9rieur aux normes du march\u00e9 des autres acryliques non laqu\u00e9s.<\/p>\n<p>La nouvelle cat\u00e9gorie Premium Acrylic est disponible pour toutes les couleurs de notre catalogue (plus de 50 au total), parmi lesquelles il convient de souligner la <strong>haute qualit\u00e9 de la brillance et de l&rsquo;effet miroir<\/strong>, qui ne peut \u00eatre compar\u00e9e \u00e0 celle d&rsquo;autres technologies.<\/p>\n<p>De plus, contrairement aux finitions laqu\u00e9es, le mat\u00e9riau est <strong>postformable<\/strong> et la jonction de la feuille avec le bord peut \u00eatre polie de mani\u00e8re \u00e0 ce que les joints ne soient pas visibles. Cela permet de fabriquer des poign\u00e9es int\u00e9gr\u00e9es et de garantir une finition parfaite.<\/p>\n<div id='gallery-1' class='gallery galleryid-14367 gallery-columns-3 gallery-size-full'><figure class='gallery-item'>\n\t\t\t<div class='gallery-icon landscape'>\n\t\t\t\t<a href=\"https:\/\/www.plasnor.com\/wp-content\/uploads\/2019\/05\/acrylico_solidos-y-metalizados_01.jpg\"><img loading=\"lazy\" decoding=\"async\" width=\"1620\" height=\"1080\" src=\"https:\/\/www.plasnor.com\/wp-content\/uploads\/2019\/05\/acrylico_solidos-y-metalizados_01.jpg\" class=\"attachment-full size-full\" alt=\"\" srcset=\"https:\/\/www.plasnor.com\/wp-content\/uploads\/2019\/05\/acrylico_solidos-y-metalizados_01.jpg 1620w, https:\/\/www.plasnor.com\/wp-content\/uploads\/2019\/05\/acrylico_solidos-y-metalizados_01-300x200.jpg 300w, https:\/\/www.plasnor.com\/wp-content\/uploads\/2019\/05\/acrylico_solidos-y-metalizados_01-1024x683.jpg 1024w, https:\/\/www.plasnor.com\/wp-content\/uploads\/2019\/05\/acrylico_solidos-y-metalizados_01-768x512.jpg 768w, https:\/\/www.plasnor.com\/wp-content\/uploads\/2019\/05\/acrylico_solidos-y-metalizados_01-1536x1024.jpg 1536w, https:\/\/www.plasnor.com\/wp-content\/uploads\/2019\/05\/acrylico_solidos-y-metalizados_01-720x480.jpg 720w\" sizes=\"auto, (max-width: 1620px) 100vw, 1620px\" title=\"\"><\/a>\n\t\t\t<\/div><\/figure><figure class='gallery-item'>\n\t\t\t<div class='gallery-icon landscape'>\n\t\t\t\t<a href=\"https:\/\/www.plasnor.com\/wp-content\/uploads\/2019\/05\/marmol.jpg\"><img loading=\"lazy\" decoding=\"async\" width=\"1000\" height=\"666\" src=\"https:\/\/www.plasnor.com\/wp-content\/uploads\/2019\/05\/marmol.jpg\" class=\"attachment-full size-full\" alt=\"\" srcset=\"https:\/\/www.plasnor.com\/wp-content\/uploads\/2019\/05\/marmol.jpg 1000w, https:\/\/www.plasnor.com\/wp-content\/uploads\/2019\/05\/marmol-300x200.jpg 300w, https:\/\/www.plasnor.com\/wp-content\/uploads\/2019\/05\/marmol-768x511.jpg 768w, https:\/\/www.plasnor.com\/wp-content\/uploads\/2019\/05\/marmol-720x480.jpg 720w\" sizes=\"auto, (max-width: 1000px) 100vw, 1000px\" title=\"\"><\/a>\n\t\t\t<\/div><\/figure>\n\t\t<\/div>\n\n<ul>\n<li>\n<h2>Crystal Acrylic<\/h2>\n<\/li>\n<\/ul>\n<h3>L&rsquo;esth\u00e9tique du verre avec les propri\u00e9t\u00e9s et les avantages de la fibre de verre Acrylic high gloss<\/h3>\n<p>En plus de l&rsquo;effet miroir d\u00e9j\u00e0 impressionnant de nos plaques Premium Acrylic, Plasnor ajoute \u00e0 sa gamme le produit <b>Crystal Acrylic <\/b>. Ce nouveau produit inverse les proportions de l&rsquo;ABS et du PMMA, ce qui permet d&rsquo;obtenir une plus grande profondeur dans nos plaques et de leur donner un effet de verre.<\/p>\n<p>L&rsquo;esth\u00e9tique du verre est \u00e0 la mode, <strong>elle ajoute de la modernit\u00e9 et une qualit\u00e9 haut de gamme<\/strong> \u00e0 la finition de surface des meubles de cuisine, de bureau, de chambre \u00e0 coucher, etc.<\/p>\n<p>Tels sont les principaux <strong>avantages<\/strong> par rapport \u00e0 l&rsquo;utilisation du verre conventionnel :<\/p>\n<ul>\n<li>50% plus l\u00e9ger<\/li>\n<li>Meilleure r\u00e9sistance aux chocs. Moins de ruptures<\/li>\n<li>Traitement facile avec des outils de menuiserie<\/li>\n<li>Moins de d\u00e9chets de fabrication<\/li>\n<li>Facile \u00e0 nettoyer<\/li>\n<\/ul>\n<p>&nbsp;<\/p>\n<div id='gallery-2' class='gallery galleryid-14367 gallery-columns-3 gallery-size-full'><figure class='gallery-item'>\n\t\t\t<div class='gallery-icon landscape'>\n\t\t\t\t<a href=\"https:\/\/www.plasnor.com\/wp-content\/uploads\/2019\/05\/cristal-detalle.jpg\"><img loading=\"lazy\" decoding=\"async\" width=\"1000\" height=\"666\" src=\"https:\/\/www.plasnor.com\/wp-content\/uploads\/2019\/05\/cristal-detalle.jpg\" class=\"attachment-full size-full\" alt=\"\" srcset=\"https:\/\/www.plasnor.com\/wp-content\/uploads\/2019\/05\/cristal-detalle.jpg 1000w, https:\/\/www.plasnor.com\/wp-content\/uploads\/2019\/05\/cristal-detalle-300x200.jpg 300w, https:\/\/www.plasnor.com\/wp-content\/uploads\/2019\/05\/cristal-detalle-768x511.jpg 768w, https:\/\/www.plasnor.com\/wp-content\/uploads\/2019\/05\/cristal-detalle-720x480.jpg 720w\" sizes=\"auto, (max-width: 1000px) 100vw, 1000px\" title=\"\"><\/a>\n\t\t\t<\/div><\/figure><figure class='gallery-item'>\n\t\t\t<div class='gallery-icon landscape'>\n\t\t\t\t<a href=\"https:\/\/www.plasnor.com\/wp-content\/uploads\/2019\/05\/logo-cristal.jpg\"><img loading=\"lazy\" decoding=\"async\" width=\"1000\" height=\"667\" src=\"https:\/\/www.plasnor.com\/wp-content\/uploads\/2019\/05\/logo-cristal.jpg\" class=\"attachment-full size-full\" alt=\"\" srcset=\"https:\/\/www.plasnor.com\/wp-content\/uploads\/2019\/05\/logo-cristal.jpg 1000w, https:\/\/www.plasnor.com\/wp-content\/uploads\/2019\/05\/logo-cristal-300x200.jpg 300w, https:\/\/www.plasnor.com\/wp-content\/uploads\/2019\/05\/logo-cristal-768x512.jpg 768w, https:\/\/www.plasnor.com\/wp-content\/uploads\/2019\/05\/logo-cristal-720x480.jpg 720w\" sizes=\"auto, (max-width: 1000px) 100vw, 1000px\" title=\"\"><\/a>\n\t\t\t<\/div><\/figure>\n\t\t<\/div>\n\n<ul>\n<li>\n<h2>Lancement de 10 nouvelles couleurs<\/h2>\n<\/li>\n<\/ul>\n<h3>Vous voulez savoir quelles seront les couleurs \u00e0 la mode dans les ann\u00e9es \u00e0 venir ?<\/h3>\n<p>Plasnor a pr\u00e9sent\u00e9 \u00e0 Interzum les 10 couleurs qui se d\u00e9marqueront dans les ann\u00e9es \u00e0 venir dans l&rsquo;industrie du meuble.<\/p>\n<p>Suivant la tendance des principaux march\u00e9s et des fabricants internationaux, les blancs, les bruns et les gris ne dispara\u00eetront pas, mais l&rsquo;utilisation d&rsquo;une gamme de couleurs plus large a gagn\u00e9 du terrain ces derni\u00e8res ann\u00e9es. Cela a donn\u00e9 l&rsquo;occasion de cr\u00e9er de nouvelles couleurs et de les combiner pour obtenir des <strong>cuisines modernes et actuelles<\/strong>.<\/p>\n<p>Toutes ces couleurs sont \u00e9galement disponibles en Premium Acrylic quality.<\/p>\n<p>Apr\u00e8s le monopole du blanc dans les cuisines, la couleur trouve sa place ann\u00e9e apr\u00e8s ann\u00e9e. Les bleus et les verts tels que <strong>Denim<\/strong> et <strong>Fjord<\/strong> se frayent un chemin parmi les couleurs terreuses, ou les d\u00e9riv\u00e9s du gris ou du noir, qui restent en t\u00eate des couleurs les plus utilis\u00e9es dans le mobilier de cuisine. Leur combinaison avec des \u00e9l\u00e9ments naturels comme le bois sera la touche finale d&rsquo;une cuisine id\u00e9ale.<\/p>\n<p>Le noir et ses nuances, telles que l&rsquo;<strong>indigo<\/strong>, le <strong>graphite<\/strong>, le <strong>gris poussi\u00e8re<\/strong> et le <strong>gris onix<\/strong>, sont toujours associ\u00e9s \u00e0 une esth\u00e9tique cosmopolite et \u00e0 une \u00e9l\u00e9gance \u00e0 l&rsquo;\u00e9preuve de la mode.<\/p>\n<div id='gallery-3' class='gallery galleryid-14367 gallery-columns-3 gallery-size-full'><figure class='gallery-item'>\n\t\t\t<div class='gallery-icon landscape'>\n\t\t\t\t<a href=\"https:\/\/www.plasnor.com\/wp-content\/uploads\/2019\/05\/coches.jpg\"><img loading=\"lazy\" decoding=\"async\" width=\"1900\" height=\"1069\" src=\"https:\/\/www.plasnor.com\/wp-content\/uploads\/2019\/05\/coches.jpg\" class=\"attachment-full size-full\" alt=\"\" srcset=\"https:\/\/www.plasnor.com\/wp-content\/uploads\/2019\/05\/coches.jpg 1900w, https:\/\/www.plasnor.com\/wp-content\/uploads\/2019\/05\/coches-300x169.jpg 300w, https:\/\/www.plasnor.com\/wp-content\/uploads\/2019\/05\/coches-1024x576.jpg 1024w, https:\/\/www.plasnor.com\/wp-content\/uploads\/2019\/05\/coches-768x432.jpg 768w, https:\/\/www.plasnor.com\/wp-content\/uploads\/2019\/05\/coches-1536x864.jpg 1536w\" sizes=\"auto, (max-width: 1900px) 100vw, 1900px\" title=\"\"><\/a>\n\t\t\t<\/div><\/figure><figure class='gallery-item'>\n\t\t\t<div class='gallery-icon landscape'>\n\t\t\t\t<a href=\"https:\/\/www.plasnor.com\/wp-content\/uploads\/2019\/05\/plancha-de-colores.jpg\"><img loading=\"lazy\" decoding=\"async\" width=\"1000\" height=\"666\" src=\"https:\/\/www.plasnor.com\/wp-content\/uploads\/2019\/05\/plancha-de-colores.jpg\" class=\"attachment-full size-full\" alt=\"\" srcset=\"https:\/\/www.plasnor.com\/wp-content\/uploads\/2019\/05\/plancha-de-colores.jpg 1000w, https:\/\/www.plasnor.com\/wp-content\/uploads\/2019\/05\/plancha-de-colores-300x200.jpg 300w, https:\/\/www.plasnor.com\/wp-content\/uploads\/2019\/05\/plancha-de-colores-768x511.jpg 768w, https:\/\/www.plasnor.com\/wp-content\/uploads\/2019\/05\/plancha-de-colores-720x480.jpg 720w\" sizes=\"auto, (max-width: 1000px) 100vw, 1000px\" title=\"\"><\/a>\n\t\t\t<\/div><\/figure>\n\t\t<\/div>\n\n","protected":false},"excerpt":{"rendered":"<p>Cette ann\u00e9e encore, Plasnor a expos\u00e9 au salon INTERZUM \u00e0 Cologne (Allemagne) du 21 au 24 mai 2019. &#8230; <a title=\"New product launch at Interzum 2019. Thanks for visiting us!\" class=\"read-more\" href=\"https:\/\/www.plasnor.com\/fr\/lancement-dun-nouveau-produit-a-loccasion-de-lanniversaire-de-lentreprise-2019-merci-de-nous-rendre-visite\/\" aria-label=\"En savoir plus sur New product launch at Interzum 2019. Thanks for visiting us!\">[ + info ]<\/a><\/p>\n","protected":false},"author":1,"featured_media":14737,"comment_status":"closed","ping_status":"closed","sticky":false,"template":"","format":"standard","meta":{"footnotes":""},"categories":[74,39],"tags":[282,283,259,284,285,181,286,287,288,289,290,262,291,263,292],"class_list":["post-14367","post","type-post","status-publish","format-standard","has-post-thumbnail","hentry","category-norsan-high-gloss-fr","category-nouvelles","tag-alto-brillo-fr","tag-brillo-fr","tag-colores-fr","tag-crystal-arylic-fr","tag-espejo-fr","tag-feria-fr","tag-high-gloss-fr","tag-interzum-2019-fr","tag-muebles-de-cocina-fr","tag-nuevos-colores-fr","tag-postformable-fr","tag-premium-acrylic-fr","tag-rayado-fr","tag-sector-del-mueble-fr","tag-superficie-no-lacada-fr","generate-columns","tablet-grid-50","mobile-grid-100","grid-parent","grid-25","resize-featured-image"],"_links":{"self":[{"href":"https:\/\/www.plasnor.com\/fr\/wp-json\/wp\/v2\/posts\/14367","targetHints":{"allow":["GET"]}}],"collection":[{"href":"https:\/\/www.plasnor.com\/fr\/wp-json\/wp\/v2\/posts"}],"about":[{"href":"https:\/\/www.plasnor.com\/fr\/wp-json\/wp\/v2\/types\/post"}],"author":[{"embeddable":true,"href":"https:\/\/www.plasnor.com\/fr\/wp-json\/wp\/v2\/users\/1"}],"replies":[{"embeddable":true,"href":"https:\/\/www.plasnor.com\/fr\/wp-json\/wp\/v2\/comments?post=14367"}],"version-history":[{"count":0,"href":"https:\/\/www.plasnor.com\/fr\/wp-json\/wp\/v2\/posts\/14367\/revisions"}],"wp:featuredmedia":[{"embeddable":true,"href":"https:\/\/www.plasnor.com\/fr\/wp-json\/wp\/v2\/media\/14737"}],"wp:attachment":[{"href":"https:\/\/www.plasnor.com\/fr\/wp-json\/wp\/v2\/media?parent=14367"}],"wp:term":[{"taxonomy":"category","embeddable":true,"href":"https:\/\/www.plasnor.com\/fr\/wp-json\/wp\/v2\/categories?post=14367"},{"taxonomy":"post_tag","embeddable":true,"href":"https:\/\/www.plasnor.com\/fr\/wp-json\/wp\/v2\/tags?post=14367"}],"curies":[{"name":"wp","href":"https:\/\/api.w.org\/{rel}","templated":true}]}}