{"id":18373,"date":"2024-03-20T16:35:30","date_gmt":"2024-03-20T15:35:30","guid":{"rendered":"https:\/\/www.plasnor.com\/?p=18373"},"modified":"2024-03-20T16:51:34","modified_gmt":"2024-03-20T15:51:34","slug":"visite-du-conseil-provincial-de-gipuzkoa-a-plasnor","status":"publish","type":"post","link":"https:\/\/www.plasnor.com\/fr\/visite-du-conseil-provincial-de-gipuzkoa-a-plasnor\/","title":{"rendered":"VISITE DU CONSEIL PROVINCIAL DE GIPUZKOA A PLASNOR"},"content":{"rendered":"<p>Aujourd&rsquo;hui, nous avons eu le plaisir de recevoir la visite de Jon Gurrutxaga et Angel Martin de Gipuzkoako foru aldundia et d&rsquo;Itziar Salaberria et Katia Madina d&rsquo;Uggasa dans les installations de Plasnor. Nous leur avons montr\u00e9 nos capacit\u00e9s en mati\u00e8re d&rsquo;<a href=\"https:\/\/www.plasnor.com\/fr\/extrusion\/\">extrusion de<\/a> plaques ou de feuilles, de <a href=\"https:\/\/www.plasnor.com\/fr\/thermoformage\/\">thermoformage<\/a> de pi\u00e8ces pour les secteurs du sanitaire, de la <a href=\"https:\/\/www.plasnor.com\/fr\/thermoformage\/secteurs-et-applications\/automobile\/\">carrosserie<\/a>, de la <a href=\"https:\/\/www.plasnor.com\/fr\/thermoformage\/secteurs-et-applications\/packaging-sur-mesure\/\">logistique automobile<\/a>, des <a href=\"https:\/\/www.plasnor.com\/fr\/thermoformage\/secteurs-et-applications\/energies-renouvelables\/\">\u00e9nergies renouvelables<\/a>, etc.<\/p>\n<p>Ils ont appris \u00e0 conna\u00eetre l&rsquo;entreprise et notre approche strat\u00e9gique dans le domaine num\u00e9rique. Il a \u00e9t\u00e9 tr\u00e8s int\u00e9ressant de partager les diff\u00e9rents points de vue sur l&rsquo;internationalisation et l&rsquo;innovation de notre entreprise avec des repr\u00e9sentants aussi \u00e9minents. Nous sommes d\u00e9termin\u00e9s \u00e0 poursuivre notre croissance et \u00e0 explorer de nouvelles opportunit\u00e9s sur le march\u00e9 mondial, dans un contexte plus num\u00e9rique et plus durable. Merci de votre int\u00e9r\u00eat et de votre soutien sur la voie du succ\u00e8s !<\/p>\n","protected":false},"excerpt":{"rendered":"<p>Aujourd&rsquo;hui, nous avons eu le plaisir de recevoir la visite de Jon Gurrutxaga et Angel Martin de Gipuzkoako &#8230; <a title=\"VISITE DU CONSEIL PROVINCIAL DE GIPUZKOA A PLASNOR\" class=\"read-more\" href=\"https:\/\/www.plasnor.com\/fr\/visite-du-conseil-provincial-de-gipuzkoa-a-plasnor\/\" aria-label=\"En savoir plus sur VISITE DU CONSEIL PROVINCIAL DE GIPUZKOA A PLASNOR\">[ + info ]<\/a><\/p>\n","protected":false},"author":4,"featured_media":18366,"comment_status":"closed","ping_status":"open","sticky":false,"template":"","format":"standard","meta":{"footnotes":""},"categories":[39],"tags":[],"class_list":["post-18373","post","type-post","status-publish","format-standard","has-post-thumbnail","hentry","category-nouvelles","generate-columns","tablet-grid-50","mobile-grid-100","grid-parent","grid-25","resize-featured-image"],"_links":{"self":[{"href":"https:\/\/www.plasnor.com\/fr\/wp-json\/wp\/v2\/posts\/18373","targetHints":{"allow":["GET"]}}],"collection":[{"href":"https:\/\/www.plasnor.com\/fr\/wp-json\/wp\/v2\/posts"}],"about":[{"href":"https:\/\/www.plasnor.com\/fr\/wp-json\/wp\/v2\/types\/post"}],"author":[{"embeddable":true,"href":"https:\/\/www.plasnor.com\/fr\/wp-json\/wp\/v2\/users\/4"}],"replies":[{"embeddable":true,"href":"https:\/\/www.plasnor.com\/fr\/wp-json\/wp\/v2\/comments?post=18373"}],"version-history":[{"count":0,"href":"https:\/\/www.plasnor.com\/fr\/wp-json\/wp\/v2\/posts\/18373\/revisions"}],"wp:featuredmedia":[{"embeddable":true,"href":"https:\/\/www.plasnor.com\/fr\/wp-json\/wp\/v2\/media\/18366"}],"wp:attachment":[{"href":"https:\/\/www.plasnor.com\/fr\/wp-json\/wp\/v2\/media?parent=18373"}],"wp:term":[{"taxonomy":"category","embeddable":true,"href":"https:\/\/www.plasnor.com\/fr\/wp-json\/wp\/v2\/categories?post=18373"},{"taxonomy":"post_tag","embeddable":true,"href":"https:\/\/www.plasnor.com\/fr\/wp-json\/wp\/v2\/tags?post=18373"}],"curies":[{"name":"wp","href":"https:\/\/api.w.org\/{rel}","templated":true}]}}