{"id":18466,"date":"2024-04-02T12:29:12","date_gmt":"2024-04-02T10:29:12","guid":{"rendered":"https:\/\/www.plasnor.com\/?p=18466"},"modified":"2024-04-02T13:11:10","modified_gmt":"2024-04-02T11:11:10","slug":"plasnor-participe-au-salon-automotive-romania-en-presentant-les-plateaux-de-transport","status":"publish","type":"post","link":"https:\/\/www.plasnor.com\/fr\/plasnor-participe-au-salon-automotive-romania-en-presentant-les-plateaux-de-transport\/","title":{"rendered":"PLASNOR participe au salon AUTOMOTIVE ROMANIA en pr\u00e9sentant les PLATEAUX DE TRANSPORT"},"content":{"rendered":"<p>Le 28 mars dernier, nous \u00e9tions \u00e0 Sibiu-Roumanie \u00e0 l&rsquo;occasion du salon <a href=\"https:\/\/automotiveexpo.intradefairs.com\/\" rel=\"nofollow noopener\" target=\"_blank\">Automotive Expo &amp; B2B Meetings<\/a> organis\u00e9 par Intra Fairs.<\/p>\n<p>Ce salon nous a permis de pr\u00e9senter les solutions d&#8217;emballage en barquettes thermoform\u00e9es que nous produisons pour le secteur, con\u00e7ues et produites sp\u00e9cifiquement pour r\u00e9pondre aux exigences du secteur automobile.<\/p>\n<p>L&rsquo;\u00e9v\u00e9nement, qui a attir\u00e9 une multitude d&rsquo;experts de l&rsquo;industrie automobile venus de toute l&rsquo;Europe et principalement de Roumanie, a constitu\u00e9 le cadre id\u00e9al pour que Plasnor mette en avant son expertise et son leadership dans le domaine de l&#8217;emballage de composants \u00e0 l&rsquo;aide de plateaux de transport.<\/p>\n<p>Pendant le salon, l&rsquo;\u00e9quipe de vente a eu l&rsquo;occasion d&rsquo;interagir avec des clients potentiels et des partenaires cl\u00e9s, d\u00e9montrant la polyvalence et l&rsquo;adaptabilit\u00e9 de nos produits aux besoins sp\u00e9cifiques de l&rsquo;industrie automobile.<\/p>\n<p>Nous vous remercions de votre attention et nous nous r\u00e9jouissons de notre future coop\u00e9ration.<\/p>\n","protected":false},"excerpt":{"rendered":"<p>Le 28 mars dernier, nous \u00e9tions \u00e0 Sibiu-Roumanie \u00e0 l&rsquo;occasion du salon Automotive Expo &amp; B2B Meetings organis\u00e9 &#8230; <a title=\"PLASNOR participe au salon AUTOMOTIVE ROMANIA en pr\u00e9sentant les PLATEAUX DE TRANSPORT\" class=\"read-more\" href=\"https:\/\/www.plasnor.com\/fr\/plasnor-participe-au-salon-automotive-romania-en-presentant-les-plateaux-de-transport\/\" aria-label=\"En savoir plus sur PLASNOR participe au salon AUTOMOTIVE ROMANIA en pr\u00e9sentant les PLATEAUX DE TRANSPORT\">[ + info ]<\/a><\/p>\n","protected":false},"author":4,"featured_media":18439,"comment_status":"closed","ping_status":"open","sticky":false,"template":"","format":"standard","meta":{"footnotes":""},"categories":[39],"tags":[],"class_list":["post-18466","post","type-post","status-publish","format-standard","has-post-thumbnail","hentry","category-nouvelles","generate-columns","tablet-grid-50","mobile-grid-100","grid-parent","grid-25","resize-featured-image"],"_links":{"self":[{"href":"https:\/\/www.plasnor.com\/fr\/wp-json\/wp\/v2\/posts\/18466","targetHints":{"allow":["GET"]}}],"collection":[{"href":"https:\/\/www.plasnor.com\/fr\/wp-json\/wp\/v2\/posts"}],"about":[{"href":"https:\/\/www.plasnor.com\/fr\/wp-json\/wp\/v2\/types\/post"}],"author":[{"embeddable":true,"href":"https:\/\/www.plasnor.com\/fr\/wp-json\/wp\/v2\/users\/4"}],"replies":[{"embeddable":true,"href":"https:\/\/www.plasnor.com\/fr\/wp-json\/wp\/v2\/comments?post=18466"}],"version-history":[{"count":0,"href":"https:\/\/www.plasnor.com\/fr\/wp-json\/wp\/v2\/posts\/18466\/revisions"}],"wp:featuredmedia":[{"embeddable":true,"href":"https:\/\/www.plasnor.com\/fr\/wp-json\/wp\/v2\/media\/18439"}],"wp:attachment":[{"href":"https:\/\/www.plasnor.com\/fr\/wp-json\/wp\/v2\/media?parent=18466"}],"wp:term":[{"taxonomy":"category","embeddable":true,"href":"https:\/\/www.plasnor.com\/fr\/wp-json\/wp\/v2\/categories?post=18466"},{"taxonomy":"post_tag","embeddable":true,"href":"https:\/\/www.plasnor.com\/fr\/wp-json\/wp\/v2\/tags?post=18466"}],"curies":[{"name":"wp","href":"https:\/\/api.w.org\/{rel}","templated":true}]}}