{"id":452,"date":"2015-04-15T15:48:17","date_gmt":"2015-04-15T13:48:17","guid":{"rendered":"https:\/\/www.plasnor.com\/plasnor-tomara-parte-en-la-carrera-de-empresas-2015\/"},"modified":"2023-04-21T16:46:13","modified_gmt":"2023-04-21T14:46:13","slug":"plasnor-participera-a-la-course-des-entreprises-2015","status":"publish","type":"post","link":"https:\/\/www.plasnor.com\/fr\/plasnor-participera-a-la-course-des-entreprises-2015\/","title":{"rendered":"PLASNOR participera \u00e0 la COURSE DES ENTREPRISES 2015"},"content":{"rendered":"<p>Le 10 mai, PLASNOR participera \u00e0 la COURSE DES ENTREPRISES \/ EMPRESEN LAISTERKETA 2015, \u00e0 San Sebasti\u00e1n, avec deux \u00e9quipes de 4 personnes, une masculine et une mixte. Apr\u00e8s la course, nous profiterons d\u2019un bon repas avec nos compagnons de route\u00a0: ceux de la course comme ceux de l\u2019entreprise\u00a0! Le d\u00e9part aura lieu \u00e0 10\u00a0h\u00a030 \u00e0 Alderdi Eder. Vous \u00eates tous invit\u00e9s \u00e0 venir les encourager\u00a0!<\/p>\n","protected":false},"excerpt":{"rendered":"<p>Le 10 mai, PLASNOR participera \u00e0 la COURSE DES ENTREPRISES \/ EMPRESEN LAISTERKETA 2015, \u00e0 San Sebasti\u00e1n, avec &#8230; <a title=\"PLASNOR participera \u00e0 la COURSE DES ENTREPRISES 2015\" class=\"read-more\" href=\"https:\/\/www.plasnor.com\/fr\/plasnor-participera-a-la-course-des-entreprises-2015\/\" aria-label=\"En savoir plus sur PLASNOR participera \u00e0 la COURSE DES ENTREPRISES 2015\">[ + info ]<\/a><\/p>\n","protected":false},"author":1,"featured_media":416,"comment_status":"closed","ping_status":"open","sticky":false,"template":"","format":"standard","meta":{"footnotes":""},"categories":[71,39],"tags":[],"class_list":["post-452","post","type-post","status-publish","format-standard","has-post-thumbnail","hentry","category-actualites-de-lentreprise","category-nouvelles","generate-columns","tablet-grid-50","mobile-grid-100","grid-parent","grid-25","resize-featured-image"],"_links":{"self":[{"href":"https:\/\/www.plasnor.com\/fr\/wp-json\/wp\/v2\/posts\/452","targetHints":{"allow":["GET"]}}],"collection":[{"href":"https:\/\/www.plasnor.com\/fr\/wp-json\/wp\/v2\/posts"}],"about":[{"href":"https:\/\/www.plasnor.com\/fr\/wp-json\/wp\/v2\/types\/post"}],"author":[{"embeddable":true,"href":"https:\/\/www.plasnor.com\/fr\/wp-json\/wp\/v2\/users\/1"}],"replies":[{"embeddable":true,"href":"https:\/\/www.plasnor.com\/fr\/wp-json\/wp\/v2\/comments?post=452"}],"version-history":[{"count":0,"href":"https:\/\/www.plasnor.com\/fr\/wp-json\/wp\/v2\/posts\/452\/revisions"}],"wp:featuredmedia":[{"embeddable":true,"href":"https:\/\/www.plasnor.com\/fr\/wp-json\/wp\/v2\/media\/416"}],"wp:attachment":[{"href":"https:\/\/www.plasnor.com\/fr\/wp-json\/wp\/v2\/media?parent=452"}],"wp:term":[{"taxonomy":"category","embeddable":true,"href":"https:\/\/www.plasnor.com\/fr\/wp-json\/wp\/v2\/categories?post=452"},{"taxonomy":"post_tag","embeddable":true,"href":"https:\/\/www.plasnor.com\/fr\/wp-json\/wp\/v2\/tags?post=452"}],"curies":[{"name":"wp","href":"https:\/\/api.w.org\/{rel}","templated":true}]}}